{"id":481375,"date":"2017-05-30T12:22:35","date_gmt":"2017-05-30T17:22:35","guid":{"rendered":"https:\/\/www.futboltotal.com.mx\/?p=481375"},"modified":"2017-05-30T12:26:58","modified_gmt":"2017-05-30T17:26:58","slug":"real-sociedad-habria-rechazado-oferta-del-lyon-carlos-vela","status":"publish","type":"post","link":"http:\/\/desarrollo.grupomedios.com\/futbol\/futbol-internacional\/real-sociedad-habria-rechazado-oferta-del-lyon-carlos-vela\/2017\/05","title":{"rendered":"Real Sociedad habr\u00eda rechazado oferta del Lyon por Carlos Vela"},"content":{"rendered":"<p>Los rumores que colocan a <strong>Carlos Vela<\/strong> en el <strong>Olympique de Lyon<\/strong> son ciertos y parece que el club es quien tendr\u00eda la \u00faltima palabra para ver si el mexicano sale del equipo espa\u00f1ol.<\/p>\n<p>El portal <em>Sphera Sports<\/em>, asegur\u00f3 que el equipo franc\u00e9s realiz\u00f3 la primera oferta a la <strong>Real<\/strong> para iniciar las negociaciones por <strong>Vela<\/strong>, pero el club donostiarra rechaz\u00f3 la propuesta ya que consideraban que el dinero ofrecido no era lo que esperaban.<\/p>\n<blockquote class=\"twitter-tweet\" data-width=\"500\">\n<p lang=\"es\" dir=\"ltr\">La R. Sociedad rechaza la primera oferta por Vela del OL, el mexicano est\u00e1 muy interesado en el proyecto franc\u00e9s. Siguen las negociaciones. <a href=\"https:\/\/t.co\/f8Hvbqp5st\">pic.twitter.com\/f8Hvbqp5st<\/a><\/p>\n<p>&mdash; Guillermo Bull\u00f3n (@GuillermoBullon) <a href=\"https:\/\/twitter.com\/GuillermoBullon\/status\/869263558621769728\">May 29, 2017<\/a><\/p><\/blockquote>\n<p><script async src=\"\/\/platform.twitter.com\/widgets.js\" charset=\"utf-8\"><\/script><\/p>\n<p style=\"text-align: center;\"><span style=\"color: #3366ff;\"><a style=\"color: #3366ff;\" href=\"https:\/\/www.futboltotal.com.mx\/2017\/05\/higuera-confirma-gullit-ira-al-rangers\/\">VER M\u00c1S: Higuera confirma que \u2018Gullit\u2019 Pe\u00f1a jugar\u00e1 con el Rangers<\/a><\/span><\/p>\n<p>Aunque no se revel\u00f3 la cifra con la que ofret\u00f3 el <strong>Olympique de Lyon<\/strong>, parece que el mexicano s\u00ed estar\u00eda interesado en el proyecto del los leones y tendr\u00eda intenciones de salir rumbo a Francia para seguir su carrera como futbolista.<\/p>\n<p>Pero la esperanza para <strong>Vela<\/strong> no ha muerto, pues a pesar de que la <strong>Real Sociedad<\/strong> rechaz\u00f3 la primera oferta, el club franc\u00e9s seguir\u00eda insistiendo, pues es conocedor de que el delantero termina contrato dentro de un a\u00f1o y no parece tener intenciones de renovar, por lo que \u00e9sta ser\u00eda una de las v\u00edas de convencimiento para el equipo espa\u00f1ol por si quiere ganar algo de dinero por la venta del mexicano.<\/p>\n<p>Cabe recordar que adem\u00e1s de <strong>Carlos Vela<\/strong>, el Lyon <span style=\"color: #3366ff;\"><a style=\"color: #3366ff;\" href=\"https:\/\/www.futboltotal.com.mx\/2017\/05\/ademas-chicharito-lyon-estara-interesado-en-vela\/\" target=\"_blank\" rel=\"noopener noreferrer\">tambi\u00e9n estar\u00eda interesado en Javier Chicharito Hern\u00e1ndez<\/a><\/span>, de quien se decide que el Bayer Leverkusen ya arregl\u00f3 paso al conjunto galo.<\/p>\n<p style=\"text-align: center;\"><span style=\"color: #3366ff;\"><a style=\"color: #3366ff;\" href=\"https:\/\/www.futboltotal.com.mx\/2017\/05\/eduardo-vargas-alista-salida-tigres\/\">VER M\u00c1S: Eduardo Vargas alista su salida de Tigres<\/a><\/span><\/p>\n","protected":false},"excerpt":{"rendered":"<p>El mexicano quiere salir y esperar\u00eda otra oferta de los franceses.<\/p>\n","protected":false},"author":20,"featured_media":474711,"comment_status":"closed","ping_status":"closed","sticky":false,"template":"","format":"standard","meta":[],"categories":[3839,3844],"tags":[6048,102],"_links":{"self":[{"href":"http:\/\/desarrollo.grupomedios.com\/futbol\/wp-json\/wp\/v2\/posts\/481375"}],"collection":[{"href":"http:\/\/desarrollo.grupomedios.com\/futbol\/wp-json\/wp\/v2\/posts"}],"about":[{"href":"http:\/\/desarrollo.grupomedios.com\/futbol\/wp-json\/wp\/v2\/types\/post"}],"author":[{"embeddable":true,"href":"http:\/\/desarrollo.grupomedios.com\/futbol\/wp-json\/wp\/v2\/users\/20"}],"replies":[{"embeddable":true,"href":"http:\/\/desarrollo.grupomedios.com\/futbol\/wp-json\/wp\/v2\/comments?post=481375"}],"version-history":[{"count":2,"href":"http:\/\/desarrollo.grupomedios.com\/futbol\/wp-json\/wp\/v2\/posts\/481375\/revisions"}],"predecessor-version":[{"id":481384,"href":"http:\/\/desarrollo.grupomedios.com\/futbol\/wp-json\/wp\/v2\/posts\/481375\/revisions\/481384"}],"wp:featuredmedia":[{"embeddable":true,"href":"http:\/\/desarrollo.grupomedios.com\/futbol\/wp-json\/wp\/v2\/media\/474711"}],"wp:attachment":[{"href":"http:\/\/desarrollo.grupomedios.com\/futbol\/wp-json\/wp\/v2\/media?parent=481375"}],"wp:term":[{"taxonomy":"category","embeddable":true,"href":"http:\/\/desarrollo.grupomedios.com\/futbol\/wp-json\/wp\/v2\/categories?post=481375"},{"taxonomy":"post_tag","embeddable":true,"href":"http:\/\/desarrollo.grupomedios.com\/futbol\/wp-json\/wp\/v2\/tags?post=481375"}],"curies":[{"name":"wp","href":"https:\/\/api.w.org\/{rel}","templated":true}]}}