{"id":481382,"date":"2017-05-30T13:19:05","date_gmt":"2017-05-30T18:19:05","guid":{"rendered":"https:\/\/www.futboltotal.com.mx\/?p=481382"},"modified":"2017-05-30T13:23:31","modified_gmt":"2017-05-30T18:23:31","slug":"america-xolos-buscan-a-goleador-racing","status":"publish","type":"post","link":"http:\/\/desarrollo.grupomedios.com\/futbol\/destacado-home\/america-xolos-buscan-a-goleador-racing\/2017\/05","title":{"rendered":"Am\u00e9rica y Xolos buscan a goleador de Racing"},"content":{"rendered":"<p>Tras haber concretado las llegadas de los entrenadores Miguel Herrera y Eduardo Coudet a la direcci\u00f3n t\u00e9cnica de <strong>Am\u00e9rica<\/strong> y <strong>Xolos<\/strong>, respectivamente, el par de clubes comenzar\u00e1 a definir los primeros refuerzos para el pr\u00f3ximo Apertura 2017. Y una de las opciones es el argentino<strong> Gustavo Bou,<\/strong> del Racing Club de Avellaneda.<\/p>\n<p><strong>Am\u00e9rica<\/strong>\u00a0tendr\u00eda inter\u00e9s en ficharlo para fortalecer la delantera y colocarlo como nuevo socio de Oribe Peralta. En tanto, los <em>Xolos\u00a0<\/em>ante la\u00a0necesidad de encontrar al recambio de Avil\u00e9s Hurtado, quien el pr\u00f3ximo semestre se marchar\u00e1 a <em>Rayados.\u00a0<\/em><\/p>\n<p style=\"text-align: center;\"><span style=\"color: #3366ff;\"><a style=\"color: #3366ff;\" href=\"https:\/\/www.futboltotal.com.mx\/2017\/05\/futbol-estufa-rumores-y-fichajes-rumbo-al-apertura-2017-la-liga-mx\/\">VER M\u00c1S: Futbol de Estufa rumbo al Apertura 2017\u00a0<\/a><\/span><\/p>\n<p>Seg\u00fan <em>Marca Claro<\/em>, Gustavo Bou es prioridad para Coudet e incluso ya habr\u00eda solicitado a la directiva del club su contrataci\u00f3n. Pero para ficharlo, los fronterizos tendr\u00e1n que pagar, al menos, 8 millones de d\u00f3lares limpios, una importante cifra que en principio se antoja complicada, dado el presupuesto que tendr\u00eda el club.<\/p>\n<p>Del posible desembarco de la<em>\u00a0Pantera\u00a0<\/em>tambi\u00e9n habla la prensa argentina y apunta que el<strong> Am\u00e9rica<\/strong>\u00a0es una de las opciones y el Racing est\u00e1 pendiente de cualquier eventual oferta. Aunque Bou es la estrella del equipo, el club de Avellaneda dejar\u00eda partir al jugador, siempre y cuando se paguen esos 8 MDD que romper\u00edan el contrato del argentino hasta 2020.<\/p>\n<p><strong>\u00bfC\u00f3mo juega Bou?\u00a0<\/strong><\/p>\n<p>Gustavo Bou, de 27 a\u00f1os, lleva cuatro a\u00f1os en el Racing, donde ha podido afianzarse como l\u00edder anotador. Previamente jugo un a\u00f1o para Gimnasia Plata, Olimpo y cuatro campa\u00f1as en River Plate, club con el que debut\u00f3 en 2008. Su \u00fanica experiencia fuera de su pa\u00eds fue en 2013 jugando para LDU de Quito.<\/p>\n<p>Bou mide 1,76 metros, tiene un buen remate de cabeza, pero sus mejores cualidades con la \u00a0definici\u00f3n de primera y de espaldas al marco, la capacidad de desmarque y el buen golpeo con la pierna derecha. Su principal posici\u00f3n es como centro delantero delantero, aunque tambi\u00e9n ha llegado a jugar\u00a0a perfil cambiado para tirar diagonales al centro.<\/p>\n<p><iframe loading=\"lazy\" src=\"https:\/\/www.youtube.com\/embed\/HN6-LaQ17uc?feature=oembed\" frameborder=\"0\" allowfullscreen><\/iframe><\/p>\n","protected":false},"excerpt":{"rendered":"<p>Racing estar\u00eda dispuesto a dejar salir a Gustavo Bou por una cifra de 8 MDD limpios.<\/p>\n","protected":false},"author":20,"featured_media":481393,"comment_status":"closed","ping_status":"closed","sticky":false,"template":"","format":"standard","meta":[],"categories":[5,2198,3845],"tags":[5959,8666,5974],"_links":{"self":[{"href":"http:\/\/desarrollo.grupomedios.com\/futbol\/wp-json\/wp\/v2\/posts\/481382"}],"collection":[{"href":"http:\/\/desarrollo.grupomedios.com\/futbol\/wp-json\/wp\/v2\/posts"}],"about":[{"href":"http:\/\/desarrollo.grupomedios.com\/futbol\/wp-json\/wp\/v2\/types\/post"}],"author":[{"embeddable":true,"href":"http:\/\/desarrollo.grupomedios.com\/futbol\/wp-json\/wp\/v2\/users\/20"}],"replies":[{"embeddable":true,"href":"http:\/\/desarrollo.grupomedios.com\/futbol\/wp-json\/wp\/v2\/comments?post=481382"}],"version-history":[{"count":2,"href":"http:\/\/desarrollo.grupomedios.com\/futbol\/wp-json\/wp\/v2\/posts\/481382\/revisions"}],"predecessor-version":[{"id":481395,"href":"http:\/\/desarrollo.grupomedios.com\/futbol\/wp-json\/wp\/v2\/posts\/481382\/revisions\/481395"}],"wp:featuredmedia":[{"embeddable":true,"href":"http:\/\/desarrollo.grupomedios.com\/futbol\/wp-json\/wp\/v2\/media\/481393"}],"wp:attachment":[{"href":"http:\/\/desarrollo.grupomedios.com\/futbol\/wp-json\/wp\/v2\/media?parent=481382"}],"wp:term":[{"taxonomy":"category","embeddable":true,"href":"http:\/\/desarrollo.grupomedios.com\/futbol\/wp-json\/wp\/v2\/categories?post=481382"},{"taxonomy":"post_tag","embeddable":true,"href":"http:\/\/desarrollo.grupomedios.com\/futbol\/wp-json\/wp\/v2\/tags?post=481382"}],"curies":[{"name":"wp","href":"https:\/\/api.w.org\/{rel}","templated":true}]}}