{"id":481417,"date":"2017-05-30T15:36:06","date_gmt":"2017-05-30T20:36:06","guid":{"rendered":"https:\/\/www.futboltotal.com.mx\/?p=481417"},"modified":"2017-05-30T15:37:02","modified_gmt":"2017-05-30T20:37:02","slug":"jesus-duenas-dio-la-cara-tras-las-agresiones-miguel-ponce","status":"publish","type":"post","link":"http:\/\/desarrollo.grupomedios.com\/futbol\/futbol-mexicano\/jesus-duenas-dio-la-cara-tras-las-agresiones-miguel-ponce\/2017\/05","title":{"rendered":"Jes\u00fas Due\u00f1as dio la cara tras las agresiones con Miguel Ponce"},"content":{"rendered":"<p>A dos d\u00edas de que <strong>Chivas<\/strong> venciera a <strong>Tigres<\/strong> en la final del <strong>Clausura 2017<\/strong> y del penoso episodio en el que <a href=\"https:\/\/www.futboltotal.com.mx\/2017\/05\/revelan-nuevo-video-en-duenas-le-tira-cabezazo-a-ponce\/\" target=\"_blank\" rel=\"noopener noreferrer\"><span style=\"color: #333399;\"><strong>Jes\u00fas Due\u00f1as<\/strong> tir\u00f3 un cabezazo a <strong>Miguel Ponce<\/strong><\/span><\/a> y el segundo <span style=\"color: #333399;\"><a style=\"color: #333399;\" href=\"https:\/\/www.futboltotal.com.mx\/2017\/05\/ponce-le-da-zape-a-duenas-casi-se-arman-los-golpes-en-la-final\/\" target=\"_blank\" rel=\"noopener noreferrer\">reaccion\u00f3 peg\u00e1ndole en la cabeza<\/a><\/span>, el futbolista de los subcampeones de la Liga MX respondi\u00f3 en redes sociales ante las cr\u00edticas de la afici\u00f3n.<\/p>\n<p><strong>Due\u00f1as<\/strong> decidi\u00f3, por medio de la cuenta de Twitter de <strong>Tigres<\/strong>, dar su postura sobre los se\u00f1alamientos de la gente ante las reacciones antideportivas de ambos jugadores, que reprobaron tanto el cabezazo del mediocampista del cuadro de la <strong>UANL<\/strong> como la respuesta del jugador del <em><strong>Reba\u00f1o<\/strong><\/em>.<\/p>\n<p style=\"text-align: center;\"><a href=\"https:\/\/www.futboltotal.com.mx\/2017\/05\/america-xolos-buscan-a-goleador-racing\/\" target=\"_blank\" rel=\"noopener noreferrer\"><span style=\"color: #333399;\">VER M\u00c1S: Am\u00e9rica y Tijuana pelear\u00edan por fichar a goleador de Racing<\/span><\/a><\/p>\n<p>El jugador del cuadro regio se disculp\u00f3 por sus acciones, asegurando que la adrenalina con la que vivi\u00f3 un partido como la final de vuelta lo llev\u00f3 a actuar de un modo que \u00e9l mismo reprueba y que ya habl\u00f3 con Ponce para dejar este incidente s\u00f3lo en la cancha.<\/p>\n<p style=\"text-align: center;\"><a href=\"https:\/\/www.futboltotal.com.mx\/2017\/05\/herrera-quiere-america-supere-a-chivas\/\" target=\"_blank\" rel=\"noopener noreferrer\"><span style=\"color: #333399;\">VER M\u00c1S: Piojo Herrera fue presentado con Am\u00e9rica: &#8220;Vengo a superar a Chivas&#8221;<\/span><\/a><\/p>\n<blockquote class=\"twitter-tweet\" data-lang=\"es\">\n<p dir=\"ltr\" lang=\"es\">Mensaje de nuestro jugador Jes\u00fas Due\u00f1as. <a href=\"https:\/\/t.co\/8Lo8r5LJJL\">pic.twitter.com\/8Lo8r5LJJL<\/a><\/p>\n<p>\u2014 CLUB TIGRES OFICIAL (@TigresOficial) <a href=\"https:\/\/twitter.com\/TigresOficial\/status\/869645614677606400\">30 de mayo de 2017<\/a><\/p><\/blockquote>\n<p><script async src=\"\/\/platform.twitter.com\/widgets.js\" charset=\"utf-8\"><\/script><\/p>\n<p><a href=\"https:\/\/www.futboltotal.com.mx\/wp-content\/uploads\/2017\/05\/Mensaje-Jesus-Duenas.jpg\"><img decoding=\"async\" loading=\"lazy\" class=\"aligncenter size-large wp-image-481421\" src=\"https:\/\/www.futboltotal.com.mx\/wp-content\/uploads\/2017\/05\/Mensaje-Jesus-Duenas-1024x576.jpg\" alt=\"Jes\u00fas Due\u00f1as dio la cara tras las agresiones con Miguel Ponce 0\" srcset=\"http:\/\/desarrollo.grupomedios.com\/futbol\/wp-content\/uploads\/2017\/05\/Mensaje-Jesus-Duenas-1024x576.jpg 1024w, http:\/\/desarrollo.grupomedios.com\/futbol\/wp-content\/uploads\/2017\/05\/Mensaje-Jesus-Duenas-300x169.jpg 300w, http:\/\/desarrollo.grupomedios.com\/futbol\/wp-content\/uploads\/2017\/05\/Mensaje-Jesus-Duenas-768x432.jpg 768w, http:\/\/desarrollo.grupomedios.com\/futbol\/wp-content\/uploads\/2017\/05\/Mensaje-Jesus-Duenas-317x178.jpg 317w, http:\/\/desarrollo.grupomedios.com\/futbol\/wp-content\/uploads\/2017\/05\/Mensaje-Jesus-Duenas-535x301.jpg 535w, http:\/\/desarrollo.grupomedios.com\/futbol\/wp-content\/uploads\/2017\/05\/Mensaje-Jesus-Duenas-374x210.jpg 374w, http:\/\/desarrollo.grupomedios.com\/futbol\/wp-content\/uploads\/2017\/05\/Mensaje-Jesus-Duenas.jpg 1136w\" sizes=\"(max-width: 1024px) 100vw, 1024px\" \/><\/a><\/p>\n","protected":false},"excerpt":{"rendered":"<p>Due\u00f1as habl\u00f3 en redes y dijo que ya habl\u00f3 con Ponce acerca de su altercado.<\/p>\n","protected":false},"author":20,"featured_media":481418,"comment_status":"closed","ping_status":"closed","sticky":false,"template":"","format":"standard","meta":[],"categories":[2198,3845],"tags":[8317,70,7732,7863,64,788,5973,8656],"_links":{"self":[{"href":"http:\/\/desarrollo.grupomedios.com\/futbol\/wp-json\/wp\/v2\/posts\/481417"}],"collection":[{"href":"http:\/\/desarrollo.grupomedios.com\/futbol\/wp-json\/wp\/v2\/posts"}],"about":[{"href":"http:\/\/desarrollo.grupomedios.com\/futbol\/wp-json\/wp\/v2\/types\/post"}],"author":[{"embeddable":true,"href":"http:\/\/desarrollo.grupomedios.com\/futbol\/wp-json\/wp\/v2\/users\/20"}],"replies":[{"embeddable":true,"href":"http:\/\/desarrollo.grupomedios.com\/futbol\/wp-json\/wp\/v2\/comments?post=481417"}],"version-history":[{"count":2,"href":"http:\/\/desarrollo.grupomedios.com\/futbol\/wp-json\/wp\/v2\/posts\/481417\/revisions"}],"predecessor-version":[{"id":481422,"href":"http:\/\/desarrollo.grupomedios.com\/futbol\/wp-json\/wp\/v2\/posts\/481417\/revisions\/481422"}],"wp:featuredmedia":[{"embeddable":true,"href":"http:\/\/desarrollo.grupomedios.com\/futbol\/wp-json\/wp\/v2\/media\/481418"}],"wp:attachment":[{"href":"http:\/\/desarrollo.grupomedios.com\/futbol\/wp-json\/wp\/v2\/media?parent=481417"}],"wp:term":[{"taxonomy":"category","embeddable":true,"href":"http:\/\/desarrollo.grupomedios.com\/futbol\/wp-json\/wp\/v2\/categories?post=481417"},{"taxonomy":"post_tag","embeddable":true,"href":"http:\/\/desarrollo.grupomedios.com\/futbol\/wp-json\/wp\/v2\/tags?post=481417"}],"curies":[{"name":"wp","href":"https:\/\/api.w.org\/{rel}","templated":true}]}}