{"id":481445,"date":"2017-05-30T17:11:12","date_gmt":"2017-05-30T22:11:12","guid":{"rendered":"https:\/\/www.futboltotal.com.mx\/?p=481445"},"modified":"2017-05-30T17:11:12","modified_gmt":"2017-05-30T22:11:12","slug":"11-ideal-del-clausura-2017","status":"publish","type":"post","link":"http:\/\/desarrollo.grupomedios.com\/futbol\/futbol-mexicano\/11-ideal-del-clausura-2017\/2017\/05","title":{"rendered":"\u00a1El 11 ideal del Clausura 2017!"},"content":{"rendered":"<p>A trav\u00e9s de sus redes sociales, la Liga MX comparti\u00f3 qui\u00e9nes fueron los 11 futbolistas m\u00e1s destacados del <strong>Clausura 2017<\/strong>, en su respectiva posici\u00f3n, donde sobresalen varios personajes del campe\u00f3n Chivas, entre ellos, el director t\u00e9cnico, Mat\u00edas Almeyda.<\/p>\n<blockquote class=\"twitter-tweet\" data-lang=\"es\">\n<p dir=\"ltr\" lang=\"es\">\u00a1Este es el <a href=\"https:\/\/twitter.com\/hashtag\/11ideal?src=hash\">#11ideal<\/a> del <a href=\"https:\/\/twitter.com\/hashtag\/Clausura2017?src=hash\">#Clausura2017<\/a>! Nuestro Consejo Editorial eligi\u00f3 a los mejores elementos. Ent\u00e9rate AQU\u00cd \u27a1\ufe0f<a href=\"https:\/\/t.co\/qZpdI2C9lp\">https:\/\/t.co\/qZpdI2C9lp<\/a> <a href=\"https:\/\/t.co\/CFx4GWyz6f\">pic.twitter.com\/CFx4GWyz6f<\/a><\/p>\n<p>\u2014 LIGA Bancomer MX (@LIGABancomerMX) <a href=\"https:\/\/twitter.com\/LIGABancomerMX\/status\/869650723688108032\">30 de mayo de 2017<\/a><\/p><\/blockquote>\n<p><script async src=\"\/\/platform.twitter.com\/widgets.js\" charset=\"utf-8\"><\/script><\/p>\n<p style=\"text-align: center;\"><span style=\"color: #3366ff;\"><a style=\"color: #3366ff;\" href=\"https:\/\/www.futboltotal.com.mx\/2017\/05\/milton-caraglio-nuevo-jugador-del-atlas\/\" target=\"_blank\" rel=\"noopener noreferrer\"><strong>VER M\u00c1S: Milton Caraglio ya tiene nuevo equipo en la Liga MX<\/strong><\/a><\/span><\/p>\n<p>El <strong>11 ideal del Clausura 2017<\/strong> de la Liga MX, est\u00e1 conformado por Rodolfo Cota en la porter\u00eda, quien fue pieza fundamental en el t\u00edtulo rojiblanco; Jes\u00fas S\u00e1nchez el Chapito de Chivas, que borr\u00f3 a Javier Aquino, en la serie de la Final; N\u00e9stor Araujo de Santos, Juninho de Tigres, y Luis Reyes del Atlas, en la defensa.<\/p>\n<p>En el medio campo, la Liga MX valor\u00f3 lo hecho por Jes\u00fas Due\u00f1as, quien entr\u00f3 en pol\u00e9mica tras la Final; Guido Rodr\u00edguez de Xolos, que fue convocado a la selecci\u00f3n de Argentina, y Avil\u00e9s Hurtado, el mejor jugador del Club Tijuana en el Clausura 2017.<\/p>\n<p style=\"text-align: center;\"><span style=\"color: #3366ff;\"><a style=\"color: #3366ff;\" href=\"https:\/\/www.futboltotal.com.mx\/2017\/05\/gignac-recapacito-felicito-a-chivas-titulo\/\" target=\"_blank\" rel=\"noopener noreferrer\"><strong>VER M\u00c1S: Gignac felicita a Chivas por el t\u00edtulo<\/strong><\/a><\/span><\/p>\n<p>La delantera qued\u00f3 formada por Alan Pulido, autor de dos de los goles de la serie por el t\u00edtulo, adem\u00e1s de ser reconocido como el mejor futbolista del torneo; Andr\u00e9-Pierre Gignac, quien marc\u00f3 la misma cantidad de goles que el mexicano en la Final, y Ra\u00fal Ruid\u00edaz, campe\u00f3n de goleo del <strong>Clausura 2017<\/strong>.<\/p>\n<p><a href=\"https:\/\/www.futboltotal.com.mx\/wp-content\/uploads\/2017\/05\/11-ideal-liga-mx.jpg\"><img decoding=\"async\" loading=\"lazy\" class=\"alignnone size-full wp-image-481447\" src=\"https:\/\/www.futboltotal.com.mx\/wp-content\/uploads\/2017\/05\/11-ideal-liga-mx.jpg\" alt=\"\u00a1El 11 ideal del Clausura 2017! 0\" srcset=\"http:\/\/desarrollo.grupomedios.com\/futbol\/wp-content\/uploads\/2017\/05\/11-ideal-liga-mx.jpg 1136w, http:\/\/desarrollo.grupomedios.com\/futbol\/wp-content\/uploads\/2017\/05\/11-ideal-liga-mx-300x169.jpg 300w, http:\/\/desarrollo.grupomedios.com\/futbol\/wp-content\/uploads\/2017\/05\/11-ideal-liga-mx-768x432.jpg 768w, http:\/\/desarrollo.grupomedios.com\/futbol\/wp-content\/uploads\/2017\/05\/11-ideal-liga-mx-1024x576.jpg 1024w, http:\/\/desarrollo.grupomedios.com\/futbol\/wp-content\/uploads\/2017\/05\/11-ideal-liga-mx-317x178.jpg 317w, http:\/\/desarrollo.grupomedios.com\/futbol\/wp-content\/uploads\/2017\/05\/11-ideal-liga-mx-535x301.jpg 535w, http:\/\/desarrollo.grupomedios.com\/futbol\/wp-content\/uploads\/2017\/05\/11-ideal-liga-mx-374x210.jpg 374w\" sizes=\"(max-width: 1136px) 100vw, 1136px\" \/><\/a><\/p>\n<p style=\"text-align: center;\"><span style=\"color: #3366ff;\"><a style=\"color: #3366ff;\" href=\"https:\/\/www.futboltotal.com.mx\/2017\/05\/rafael-garcia-tendria-primera-oportunidad-dt-en-puebla\/\" target=\"_blank\" rel=\"noopener noreferrer\"><strong>VER M\u00c1S: Puebla ya tendr\u00eda nuevo director t\u00e9cnico<\/strong><\/a><\/span><\/p>\n<p>El mejor director t\u00e9cnico es Mat\u00edas Almeyda, ganador con Chivas, de los t\u00edtulos de Liga y Copa del primer semestre de actividad, en el futbol mexicano.<\/p>\n<p><a href=\"https:\/\/www.futboltotal.com.mx\/wp-content\/uploads\/2017\/05\/jugador-y-dt-del-clausura-2017.jpg\"><img decoding=\"async\" loading=\"lazy\" class=\"alignnone size-full wp-image-481448\" src=\"https:\/\/www.futboltotal.com.mx\/wp-content\/uploads\/2017\/05\/jugador-y-dt-del-clausura-2017.jpg\" alt=\"\u00a1El 11 ideal del Clausura 2017! 1\" srcset=\"http:\/\/desarrollo.grupomedios.com\/futbol\/wp-content\/uploads\/2017\/05\/jugador-y-dt-del-clausura-2017.jpg 1136w, http:\/\/desarrollo.grupomedios.com\/futbol\/wp-content\/uploads\/2017\/05\/jugador-y-dt-del-clausura-2017-300x169.jpg 300w, http:\/\/desarrollo.grupomedios.com\/futbol\/wp-content\/uploads\/2017\/05\/jugador-y-dt-del-clausura-2017-768x432.jpg 768w, http:\/\/desarrollo.grupomedios.com\/futbol\/wp-content\/uploads\/2017\/05\/jugador-y-dt-del-clausura-2017-1024x576.jpg 1024w, http:\/\/desarrollo.grupomedios.com\/futbol\/wp-content\/uploads\/2017\/05\/jugador-y-dt-del-clausura-2017-317x178.jpg 317w, http:\/\/desarrollo.grupomedios.com\/futbol\/wp-content\/uploads\/2017\/05\/jugador-y-dt-del-clausura-2017-535x301.jpg 535w, http:\/\/desarrollo.grupomedios.com\/futbol\/wp-content\/uploads\/2017\/05\/jugador-y-dt-del-clausura-2017-374x210.jpg 374w\" sizes=\"(max-width: 1136px) 100vw, 1136px\" \/><\/a><\/p>\n<p>S\u00edguenos en Twitter: <a href=\"https:\/\/twitter.com\/MXFutbolTotal\" target=\"_blank\" rel=\"noopener noreferrer\">@MXFutbolTotal<\/a><\/p>\n","protected":false},"excerpt":{"rendered":"<p>La Liga MX comparte qui\u00e9nes fueron los jugadores estelares del torneo.<\/p>\n","protected":false},"author":20,"featured_media":481446,"comment_status":"closed","ping_status":"closed","sticky":false,"template":"","format":"standard","meta":[],"categories":[2198,3845],"tags":[5961,70,7732,5972,5973,1673],"_links":{"self":[{"href":"http:\/\/desarrollo.grupomedios.com\/futbol\/wp-json\/wp\/v2\/posts\/481445"}],"collection":[{"href":"http:\/\/desarrollo.grupomedios.com\/futbol\/wp-json\/wp\/v2\/posts"}],"about":[{"href":"http:\/\/desarrollo.grupomedios.com\/futbol\/wp-json\/wp\/v2\/types\/post"}],"author":[{"embeddable":true,"href":"http:\/\/desarrollo.grupomedios.com\/futbol\/wp-json\/wp\/v2\/users\/20"}],"replies":[{"embeddable":true,"href":"http:\/\/desarrollo.grupomedios.com\/futbol\/wp-json\/wp\/v2\/comments?post=481445"}],"version-history":[{"count":1,"href":"http:\/\/desarrollo.grupomedios.com\/futbol\/wp-json\/wp\/v2\/posts\/481445\/revisions"}],"predecessor-version":[{"id":481449,"href":"http:\/\/desarrollo.grupomedios.com\/futbol\/wp-json\/wp\/v2\/posts\/481445\/revisions\/481449"}],"wp:featuredmedia":[{"embeddable":true,"href":"http:\/\/desarrollo.grupomedios.com\/futbol\/wp-json\/wp\/v2\/media\/481446"}],"wp:attachment":[{"href":"http:\/\/desarrollo.grupomedios.com\/futbol\/wp-json\/wp\/v2\/media?parent=481445"}],"wp:term":[{"taxonomy":"category","embeddable":true,"href":"http:\/\/desarrollo.grupomedios.com\/futbol\/wp-json\/wp\/v2\/categories?post=481445"},{"taxonomy":"post_tag","embeddable":true,"href":"http:\/\/desarrollo.grupomedios.com\/futbol\/wp-json\/wp\/v2\/tags?post=481445"}],"curies":[{"name":"wp","href":"https:\/\/api.w.org\/{rel}","templated":true}]}}