{"id":481454,"date":"2017-05-30T18:38:53","date_gmt":"2017-05-30T23:38:53","guid":{"rendered":"https:\/\/www.futboltotal.com.mx\/?p=481454"},"modified":"2017-05-30T18:38:53","modified_gmt":"2017-05-30T23:38:53","slug":"expulsan-a-tenista-roland-garros-propasarse-reportera","status":"publish","type":"post","link":"http:\/\/desarrollo.grupomedios.com\/futbol\/galerias\/expulsan-a-tenista-roland-garros-propasarse-reportera\/2017\/05","title":{"rendered":"Expulsan a tenista de Roland Garros por propasarse con reportera"},"content":{"rendered":"<p>El tenista franc\u00e9s <strong>Maxime Hamou<\/strong> ha sido expulsado hoy de Roland Garros por su &#8220;comportamiento inadecuado&#8221; con una periodista en el transcurso de una entrevista, inform\u00f3 hoy la Federaci\u00f3n Francesa de Tenis (FFT).<\/p>\n<p>Hamou, de 21 a\u00f1os y 282 del mundo, hab\u00eda entrado en el cuadro final del torneo a trav\u00e9s de la fase previa, aunque hab\u00eda perdido en primera ronda contra el uruguayo Pablo Cuevas.<\/p>\n<p style=\"text-align: center;\"><span style=\"color: #3366ff;\"><a style=\"color: #3366ff;\" href=\"https:\/\/www.futboltotal.com.mx\/2017\/05\/mensaje-lluvia-carrillo-javier-aquino-tras-la-final\/\" target=\"_blank\" rel=\"noopener noreferrer\"><strong>VER M\u00c1S: Novia de Aquino, le manda mensaje tras cae en la Final<\/strong><\/a><\/span><\/p>\n<p>Durante una entrevista, el tenista ech\u00f3 un brazo por un hombro de la periodista de Eurosport, <strong>Maly Thomas<\/strong>, y comenz\u00f3 a besarle el cuello, impidiendo que ella se zafara del acoso, grabado por las c\u00e1maras.<\/p>\n<p><iframe loading=\"lazy\" src=\"https:\/\/www.youtube.com\/embed\/CKan_3eVe9c\" frameborder=\"0\" allowfullscreen=\"allowfullscreen\"><\/iframe><\/p>\n<p>El presidente de la FFT, Bernard Giudicelli, ha pedido que se investigue &#8220;el comportamiento impropio&#8221; del tenista. <em>Eurosport<\/em> pidi\u00f3 disculpas por las im\u00e1genes, emitidas en directo, y lament\u00f3 la situaci\u00f3n.<\/p>\n<p style=\"text-align: center;\"><span style=\"color: #3366ff;\"><a style=\"color: #3366ff;\" href=\"https:\/\/www.futboltotal.com.mx\/2017\/05\/gignac-recapacito-felicito-a-chivas-titulo\/\" target=\"_blank\" rel=\"noopener noreferrer\"><strong>VER M\u00c1S: Gignac felicita a Chivas por t\u00edtulo del Clausura 2017<\/strong><\/a><\/span><\/p>\n<p>El entrenador del tenista, Martin Vaisse, asegur\u00f3 que &#8220;con 21 a\u00f1os se comenten muchas tonter\u00edas&#8221; pero que &#8220;hay que saber cuando hay que parar de hacerlas&#8221;. &#8220;Es algo que tengo que trabajar mucho con \u00e9l&#8221;, dijo.<\/p>\n<p>&#8220;Si no hubi\u00e9semos estado en directo, le hubiese abofeteado&#8221;, se\u00f1al\u00f3 <strong>Maly Thomas<\/strong>, quien usualmente cubre eventos de Tenis, en entrevista posterior al pol\u00e9mico hecho durante la celebraci\u00f3n del Roland Garros.<\/p>\n<p style=\"text-align: center;\"><span style=\"color: #3366ff;\"><a style=\"color: #3366ff;\" href=\"https:\/\/www.futboltotal.com.mx\/2017\/05\/almeyda-confirma-las-dos-primeras-bajas-chivas\/\" target=\"_blank\" rel=\"noopener noreferrer\"><strong>VER M\u00c1S: N\u00e9stor Calder\u00f3n causa baja de Chivas<\/strong><\/a><\/span><\/p>\n<blockquote class=\"instagram-media\" style=\"background: #FFF; border: 0; border-radius: 3px; box-shadow: 0 0 1px 0 rgba(0,0,0,0.5),0 1px 10px 0 rgba(0,0,0,0.15); margin: 1px; max-width: 658px; padding: 0; width: calc(100% - 2px);\" data-instgrm-captioned=\"\" data-instgrm-version=\"7\">\n<div style=\"padding: 8px;\">\n<div style=\"background: #F8F8F8; line-height: 0; margin-top: 40px; padding: 50.0% 0; text-align: center; width: 100%;\"><\/div>\n<p style=\"margin: 8px 0 0 0; padding: 0 4px;\"><a style=\"color: #000; font-family: Arial,sans-serif; font-size: 14px; font-style: normal; font-weight: normal; line-height: 17px; text-decoration: none; word-wrap: break-word;\" href=\"https:\/\/www.instagram.com\/p\/BTWE0LejmND\/\" target=\"_blank\" rel=\"noopener noreferrer\">&#x1f33c;&#x1f535;&#x1f33c;. . . . . . . #ysl #yvessaintlaurent #marrakech #bleumajorelle #jardinmajorelle #stansmith #marrakechfortwo<\/a><\/p>\n<p style=\"color: #c9c8cd; font-family: Arial,sans-serif; font-size: 14px; line-height: 17px; margin-bottom: 0; margin-top: 8px; overflow: hidden; padding: 8px 0 7px; text-align: center; text-overflow: ellipsis; white-space: nowrap;\">Una publicaci\u00f3n compartida de Maly Thomas (@malylou) el <time style=\"font-family: Arial,sans-serif; font-size: 14px; line-height: 17px;\" datetime=\"2017-04-26T10:18:06+00:00\">26 de Abr de 2017 a la(s) 3:18 PDT<\/time><\/p>\n<\/div>\n<\/blockquote>\n<p><script async defer src=\"\/\/platform.instagram.com\/en_US\/embeds.js\"><\/script><\/p>\n<blockquote class=\"instagram-media\" style=\"background: #FFF; border: 0; border-radius: 3px; box-shadow: 0 0 1px 0 rgba(0,0,0,0.5),0 1px 10px 0 rgba(0,0,0,0.15); margin: 1px; max-width: 658px; padding: 0; width: calc(100% - 2px);\" data-instgrm-captioned=\"\" data-instgrm-version=\"7\">\n<div style=\"padding: 8px;\">\n<div style=\"background: #F8F8F8; line-height: 0; margin-top: 40px; padding: 50.0% 0; text-align: center; width: 100%;\"><\/div>\n<p style=\"margin: 8px 0 0 0; padding: 0 4px;\"><a style=\"color: #000; font-family: Arial,sans-serif; font-size: 14px; font-style: normal; font-weight: normal; line-height: 17px; text-decoration: none; word-wrap: break-word;\" href=\"https:\/\/www.instagram.com\/p\/BSWojBBDHhJ\/\" target=\"_blank\" rel=\"noopener noreferrer\">Hasta La Victoria Siempre &#x1f1e8;&#x1f1fa; #CheGuevara #Cuba ( &#x1f4f8; : @clairedome)<\/a><\/p>\n<p style=\"color: #c9c8cd; font-family: Arial,sans-serif; font-size: 14px; line-height: 17px; margin-bottom: 0; margin-top: 8px; overflow: hidden; padding: 8px 0 7px; text-align: center; text-overflow: ellipsis; white-space: nowrap;\">Una publicaci\u00f3n compartida de Maly Thomas (@malylou) el <time style=\"font-family: Arial,sans-serif; font-size: 14px; line-height: 17px;\" datetime=\"2017-04-01T18:58:56+00:00\">1 de Abr de 2017 a la(s) 11:58 PDT<\/time><\/p>\n<\/div>\n<\/blockquote>\n<p><script async defer src=\"\/\/platform.instagram.com\/en_US\/embeds.js\"><\/script><\/p>\n<blockquote class=\"instagram-media\" style=\"background: #FFF; border: 0; border-radius: 3px; box-shadow: 0 0 1px 0 rgba(0,0,0,0.5),0 1px 10px 0 rgba(0,0,0,0.15); margin: 1px; max-width: 658px; padding: 0; width: calc(100% - 2px);\" data-instgrm-captioned=\"\" data-instgrm-version=\"7\">\n<div style=\"padding: 8px;\">\n<div style=\"background: #F8F8F8; line-height: 0; margin-top: 40px; padding: 52.17391304347826% 0; text-align: center; width: 100%;\"><\/div>\n<p style=\"margin: 8px 0 0 0; padding: 0 4px;\"><a style=\"color: #000; font-family: Arial,sans-serif; font-size: 14px; font-style: normal; font-weight: normal; line-height: 17px; text-decoration: none; word-wrap: break-word;\" href=\"https:\/\/www.instagram.com\/p\/BRtPEUQjPnP\/\" target=\"_blank\" rel=\"noopener noreferrer\">When you&#8217;re tired after a long day but so happy because sun is the greatest reward.. \u2600\ufe0f\u2600\ufe0f #SunnyDayHappyDay<\/a><\/p>\n<p style=\"color: #c9c8cd; font-family: Arial,sans-serif; font-size: 14px; line-height: 17px; margin-bottom: 0; margin-top: 8px; overflow: hidden; padding: 8px 0 7px; text-align: center; text-overflow: ellipsis; white-space: nowrap;\">Una publicaci\u00f3n compartida de Maly Thomas (@malylou) el <time style=\"font-family: Arial,sans-serif; font-size: 14px; line-height: 17px;\" datetime=\"2017-03-16T17:07:26+00:00\">16 de Mar de 2017 a la(s) 10:07 PDT<\/time><\/p>\n<\/div>\n<\/blockquote>\n<p><script async defer src=\"\/\/platform.instagram.com\/en_US\/embeds.js\"><\/script><\/p>\n<blockquote class=\"instagram-media\" style=\"background: #FFF; border: 0; border-radius: 3px; box-shadow: 0 0 1px 0 rgba(0,0,0,0.5),0 1px 10px 0 rgba(0,0,0,0.15); margin: 1px; max-width: 658px; padding: 0; width: calc(100% - 2px);\" data-instgrm-captioned=\"\" data-instgrm-version=\"7\">\n<div style=\"padding: 8px;\">\n<div style=\"background: #F8F8F8; line-height: 0; margin-top: 40px; padding: 50.0% 0; text-align: center; width: 100%;\"><\/div>\n<p style=\"margin: 8px 0 0 0; padding: 0 4px;\"><a style=\"color: #000; font-family: Arial,sans-serif; font-size: 14px; font-style: normal; font-weight: normal; line-height: 17px; text-decoration: none; word-wrap: break-word;\" href=\"https:\/\/www.instagram.com\/p\/BPmjtRMDfVU\/\" target=\"_blank\" rel=\"noopener noreferrer\">Memories on Rod Laver..! Get the popcorn ready &#x1f37f;.. coming up is Monfils &#x1f1eb;&#x1f1f7; \/ &#x1f1ea;&#x1f1f8; Nadal ! &#x1f60d; #AusOpen #Monfils #Nadal<\/a><\/p>\n<p style=\"color: #c9c8cd; font-family: Arial,sans-serif; font-size: 14px; line-height: 17px; margin-bottom: 0; margin-top: 8px; overflow: hidden; padding: 8px 0 7px; text-align: center; text-overflow: ellipsis; white-space: nowrap;\">Una publicaci\u00f3n compartida de Maly Thomas (@malylou) el <time style=\"font-family: Arial,sans-serif; font-size: 14px; line-height: 17px;\" datetime=\"2017-01-23T09:50:19+00:00\">23 de Ene de 2017 a la(s) 1:50 PST<\/time><\/p>\n<\/div>\n<\/blockquote>\n<p><script async defer src=\"\/\/platform.instagram.com\/en_US\/embeds.js\"><\/script><\/p>\n<p>S\u00edguenos en Twitter: <a href=\"https:\/\/twitter.com\/MXFutbolTotal\" target=\"_blank\" rel=\"noopener noreferrer\">@MXFutbol Total<\/a><\/p>\n","protected":false},"excerpt":{"rendered":"<p> Maxime Hamou deja el torneo de Tenis por comportamiento inadeduado.<\/p>\n","protected":false},"author":144,"featured_media":481455,"comment_status":"closed","ping_status":"closed","sticky":false,"template":"","format":"standard","meta":[],"categories":[6408,3,5418,6411,4,6433],"tags":[2033,5461],"_links":{"self":[{"href":"http:\/\/desarrollo.grupomedios.com\/futbol\/wp-json\/wp\/v2\/posts\/481454"}],"collection":[{"href":"http:\/\/desarrollo.grupomedios.com\/futbol\/wp-json\/wp\/v2\/posts"}],"about":[{"href":"http:\/\/desarrollo.grupomedios.com\/futbol\/wp-json\/wp\/v2\/types\/post"}],"author":[{"embeddable":true,"href":"http:\/\/desarrollo.grupomedios.com\/futbol\/wp-json\/wp\/v2\/users\/144"}],"replies":[{"embeddable":true,"href":"http:\/\/desarrollo.grupomedios.com\/futbol\/wp-json\/wp\/v2\/comments?post=481454"}],"version-history":[{"count":2,"href":"http:\/\/desarrollo.grupomedios.com\/futbol\/wp-json\/wp\/v2\/posts\/481454\/revisions"}],"predecessor-version":[{"id":481457,"href":"http:\/\/desarrollo.grupomedios.com\/futbol\/wp-json\/wp\/v2\/posts\/481454\/revisions\/481457"}],"wp:featuredmedia":[{"embeddable":true,"href":"http:\/\/desarrollo.grupomedios.com\/futbol\/wp-json\/wp\/v2\/media\/481455"}],"wp:attachment":[{"href":"http:\/\/desarrollo.grupomedios.com\/futbol\/wp-json\/wp\/v2\/media?parent=481454"}],"wp:term":[{"taxonomy":"category","embeddable":true,"href":"http:\/\/desarrollo.grupomedios.com\/futbol\/wp-json\/wp\/v2\/categories?post=481454"},{"taxonomy":"post_tag","embeddable":true,"href":"http:\/\/desarrollo.grupomedios.com\/futbol\/wp-json\/wp\/v2\/tags?post=481454"}],"curies":[{"name":"wp","href":"https:\/\/api.w.org\/{rel}","templated":true}]}}