{"id":481482,"date":"2017-05-31T10:11:23","date_gmt":"2017-05-31T15:11:23","guid":{"rendered":"https:\/\/www.futboltotal.com.mx\/?p=481482"},"modified":"2017-05-31T10:11:23","modified_gmt":"2017-05-31T15:11:23","slug":"alan-pulido-elegido-mejor-jugador-del-clausura-2017-la-liga-mx","status":"publish","type":"post","link":"http:\/\/desarrollo.grupomedios.com\/futbol\/destacado-home\/alan-pulido-elegido-mejor-jugador-del-clausura-2017-la-liga-mx\/2017\/05","title":{"rendered":"Alan Pulido, elegido Mejor Jugador del Clausura 2017 de la Liga MX"},"content":{"rendered":"<p><strong>Alan Pulido<\/strong> no s\u00f3lo fue clave en la final de vuelta del <strong>Clausura 2017<\/strong> para que <strong>Chivas<\/strong> venciera a <strong>Tigres<\/strong> y se coronara campe\u00f3n, adem\u00e1s ha sido elegido por la Liga MX como el <strong>mejor jugador del torneo<\/strong>.<\/p>\n<p>La revista digital de la <strong>Liga Bancomer MX<\/strong> dio a conocer su <strong>11 ideal<\/strong> del pasado Clausura 2017, el cual cont\u00f3 con tres jugadores del campe\u00f3n <strong>Chivas<\/strong>, incluido <strong>Pulido<\/strong>.<\/p>\n<p style=\"text-align: center;\"><a href=\"https:\/\/www.futboltotal.com.mx\/2017\/05\/marco-fabian-se-iria-al-wolfsburg\/\" target=\"_blank\" rel=\"noopener noreferrer\"><span style=\"color: #333399;\">VER M\u00c1S: \u00a1Marco Fabi\u00e1n se ir\u00eda al Wolfsburg!<\/span><\/a><\/p>\n<p>Sin embargo eso no fue todo, pues <strong>Alan<\/strong> aparece como el mejor jugador de todo el torneo gracias a su buen desempe\u00f1o a lo largo de la fase regular, pero se destaca su participaci\u00f3n en los dos partidos de la <strong>final<\/strong> pues logr\u00f3 2\u00a0de los\u00a03 goles con los que el <em><strong>Reba\u00f1o<\/strong><\/em> se coron\u00f3.<\/p>\n<p>En el 11 ideal, Pulido es acompa\u00f1ado por sus compa\u00f1eros de club <strong>Rodolfo Cota<\/strong> en la porter\u00eda y <strong>Jes\u00fas S\u00e1nchez<\/strong> en la defensa, as\u00ed como el t\u00e9cnico argentino <strong>Mat\u00edas Almeyda<\/strong>.<\/p>\n<p style=\"text-align: center;\"><a href=\"https:\/\/www.futboltotal.com.mx\/2017\/05\/mats-hummels-felicita-a-osvaldo-alanis-los-trollean\/\" target=\"_blank\" rel=\"noopener noreferrer\"><span style=\"color: #333399;\">VER M\u00c1S: Mats Hummels felicit\u00f3 a Osvaldo Alan\u00eds, y los trollean<\/span><\/a><\/p>\n<p><a href=\"https:\/\/www.futboltotal.com.mx\/wp-content\/uploads\/2017\/05\/Alan-Pulido-MVP.jpg\"><img decoding=\"async\" loading=\"lazy\" class=\"aligncenter size-large wp-image-481486\" src=\"https:\/\/www.futboltotal.com.mx\/wp-content\/uploads\/2017\/05\/Alan-Pulido-MVP-1024x576.jpg\" alt=\"Alan Pulido, elegido Mejor Jugador del Clausura 2017 de la Liga MX 0\" srcset=\"http:\/\/desarrollo.grupomedios.com\/futbol\/wp-content\/uploads\/2017\/05\/Alan-Pulido-MVP-1024x576.jpg 1024w, http:\/\/desarrollo.grupomedios.com\/futbol\/wp-content\/uploads\/2017\/05\/Alan-Pulido-MVP-300x169.jpg 300w, http:\/\/desarrollo.grupomedios.com\/futbol\/wp-content\/uploads\/2017\/05\/Alan-Pulido-MVP-768x432.jpg 768w, http:\/\/desarrollo.grupomedios.com\/futbol\/wp-content\/uploads\/2017\/05\/Alan-Pulido-MVP-317x178.jpg 317w, http:\/\/desarrollo.grupomedios.com\/futbol\/wp-content\/uploads\/2017\/05\/Alan-Pulido-MVP-535x301.jpg 535w, http:\/\/desarrollo.grupomedios.com\/futbol\/wp-content\/uploads\/2017\/05\/Alan-Pulido-MVP-374x210.jpg 374w, http:\/\/desarrollo.grupomedios.com\/futbol\/wp-content\/uploads\/2017\/05\/Alan-Pulido-MVP.jpg 1136w\" sizes=\"(max-width: 1024px) 100vw, 1024px\" \/><\/a><\/p>\n","protected":false},"excerpt":{"rendered":"<p>Alan Pulido de Chivas fue elegido por la Liga MX como el mejor jugador del torneo.<\/p>\n","protected":false},"author":20,"featured_media":481487,"comment_status":"closed","ping_status":"closed","sticky":false,"template":"","format":"standard","meta":[],"categories":[5,2198,3845],"tags":[1607,70,5963,64,8667],"_links":{"self":[{"href":"http:\/\/desarrollo.grupomedios.com\/futbol\/wp-json\/wp\/v2\/posts\/481482"}],"collection":[{"href":"http:\/\/desarrollo.grupomedios.com\/futbol\/wp-json\/wp\/v2\/posts"}],"about":[{"href":"http:\/\/desarrollo.grupomedios.com\/futbol\/wp-json\/wp\/v2\/types\/post"}],"author":[{"embeddable":true,"href":"http:\/\/desarrollo.grupomedios.com\/futbol\/wp-json\/wp\/v2\/users\/20"}],"replies":[{"embeddable":true,"href":"http:\/\/desarrollo.grupomedios.com\/futbol\/wp-json\/wp\/v2\/comments?post=481482"}],"version-history":[{"count":1,"href":"http:\/\/desarrollo.grupomedios.com\/futbol\/wp-json\/wp\/v2\/posts\/481482\/revisions"}],"predecessor-version":[{"id":481490,"href":"http:\/\/desarrollo.grupomedios.com\/futbol\/wp-json\/wp\/v2\/posts\/481482\/revisions\/481490"}],"wp:featuredmedia":[{"embeddable":true,"href":"http:\/\/desarrollo.grupomedios.com\/futbol\/wp-json\/wp\/v2\/media\/481487"}],"wp:attachment":[{"href":"http:\/\/desarrollo.grupomedios.com\/futbol\/wp-json\/wp\/v2\/media?parent=481482"}],"wp:term":[{"taxonomy":"category","embeddable":true,"href":"http:\/\/desarrollo.grupomedios.com\/futbol\/wp-json\/wp\/v2\/categories?post=481482"},{"taxonomy":"post_tag","embeddable":true,"href":"http:\/\/desarrollo.grupomedios.com\/futbol\/wp-json\/wp\/v2\/tags?post=481482"}],"curies":[{"name":"wp","href":"https:\/\/api.w.org\/{rel}","templated":true}]}}