{"id":481484,"date":"2017-05-31T10:08:40","date_gmt":"2017-05-31T15:08:40","guid":{"rendered":"https:\/\/www.futboltotal.com.mx\/?p=481484"},"modified":"2017-05-31T10:08:40","modified_gmt":"2017-05-31T15:08:40","slug":"dario-benedetto-podria-llegar-al-sevilla","status":"publish","type":"post","link":"http:\/\/desarrollo.grupomedios.com\/futbol\/futbol-internacional\/dario-benedetto-podria-llegar-al-sevilla\/2017\/05","title":{"rendered":"Dar\u00edo Benedetto podr\u00eda llegar al Sevilla"},"content":{"rendered":"<p>El delantero argentino <strong>Dar\u00edo Benedetto<\/strong> podr\u00eda continuar su carrera en el futbol espa\u00f1ol, pues el <strong>Sevilla<\/strong> estar\u00eda interesado en el actual delantero de <strong>Boca Juniors<\/strong>.<\/p>\n<p>El ex jugador del Am\u00e9rica lleva 16 goles en la temporada y est\u00e1 a un paso de ser Campe\u00f3n de goleo del futbol argentino, por lo que los espa\u00f1oles buscar\u00edan cerrar al atacante en los pr\u00f3ximos d\u00edas, pues los Xeneizes piden 8 millones de euros por su jugador.<\/p>\n<p style=\"text-align: center;\"><span style=\"color: #3366ff;\"><a style=\"color: #3366ff;\" href=\"https:\/\/www.futboltotal.com.mx\/2017\/05\/marco-fabian-se-iria-al-wolfsburg\/\">VER M\u00c1S: \u00a1Marco Fabi\u00e1n se ir\u00eda al Wolfsburg!<\/a><\/span><\/p>\n<p>Daniel Angelici, presidente de <strong>Boca Juniors<\/strong>, es quien est\u00e1 llevando a cabo la negociaci\u00f3n y aprovech\u00f3 su viaje a Espa\u00f1a para cerrar a Jorge Sampaoli con la Selecci\u00f3n de Argentina y tambi\u00e9n oferecer a <strong>Benedetto<\/strong>.<\/p>\n<p>&#8220;Y es que <strong>Benedetto<\/strong> ha marcado 16 tantos en 18 partidos, una inmejorable carta de presentaci\u00f3n para llegar a <strong>Sevilla<\/strong> donde ya se da por hecho el adi\u00f3s de Jovetic. Las negociaciones estar\u00edan muy avanzadas. Ocho millones ser\u00eda el precio y solo quedan los flecos antes de hacerlo oficial&#8221;, comenta el diario Sport.<\/p>\n<p><strong>Dar\u00edo Benedetto<\/strong> lleg\u00f3 a Boca en el 2016 tras su paso por M\u00e9xico con Xolos de Tijuana y las \u00c1guilas, equipo con quien consigui\u00f3 el t\u00edtulo de Liga de Campeones de Concacaf 2015-2016.<\/p>\n<p style=\"text-align: center;\"><span style=\"color: #3366ff;\"><a style=\"color: #3366ff;\" href=\"https:\/\/www.futboltotal.com.mx\/2017\/05\/almeyda-confirma-las-dos-primeras-bajas-chivas\/\">VER M\u00c1S: Almeyda confirma las dos primeras bajas de Chivas<\/a><\/span><\/p>\n","protected":false},"excerpt":{"rendered":"<p>El ex americanista podr\u00eda llegar al futbol espa\u00f1ol.<\/p>\n","protected":false},"author":20,"featured_media":481485,"comment_status":"closed","ping_status":"closed","sticky":false,"template":"","format":"standard","meta":[],"categories":[3839,3844],"tags":[1683,3876,49],"_links":{"self":[{"href":"http:\/\/desarrollo.grupomedios.com\/futbol\/wp-json\/wp\/v2\/posts\/481484"}],"collection":[{"href":"http:\/\/desarrollo.grupomedios.com\/futbol\/wp-json\/wp\/v2\/posts"}],"about":[{"href":"http:\/\/desarrollo.grupomedios.com\/futbol\/wp-json\/wp\/v2\/types\/post"}],"author":[{"embeddable":true,"href":"http:\/\/desarrollo.grupomedios.com\/futbol\/wp-json\/wp\/v2\/users\/20"}],"replies":[{"embeddable":true,"href":"http:\/\/desarrollo.grupomedios.com\/futbol\/wp-json\/wp\/v2\/comments?post=481484"}],"version-history":[{"count":1,"href":"http:\/\/desarrollo.grupomedios.com\/futbol\/wp-json\/wp\/v2\/posts\/481484\/revisions"}],"predecessor-version":[{"id":481488,"href":"http:\/\/desarrollo.grupomedios.com\/futbol\/wp-json\/wp\/v2\/posts\/481484\/revisions\/481488"}],"wp:featuredmedia":[{"embeddable":true,"href":"http:\/\/desarrollo.grupomedios.com\/futbol\/wp-json\/wp\/v2\/media\/481485"}],"wp:attachment":[{"href":"http:\/\/desarrollo.grupomedios.com\/futbol\/wp-json\/wp\/v2\/media?parent=481484"}],"wp:term":[{"taxonomy":"category","embeddable":true,"href":"http:\/\/desarrollo.grupomedios.com\/futbol\/wp-json\/wp\/v2\/categories?post=481484"},{"taxonomy":"post_tag","embeddable":true,"href":"http:\/\/desarrollo.grupomedios.com\/futbol\/wp-json\/wp\/v2\/tags?post=481484"}],"curies":[{"name":"wp","href":"https:\/\/api.w.org\/{rel}","templated":true}]}}