{"id":481489,"date":"2017-05-31T10:44:11","date_gmt":"2017-05-31T15:44:11","guid":{"rendered":"https:\/\/www.futboltotal.com.mx\/?p=481489"},"modified":"2017-05-31T10:44:11","modified_gmt":"2017-05-31T15:44:11","slug":"chicharito-podria-volver-al-futbol-espanol-sevilla","status":"publish","type":"post","link":"http:\/\/desarrollo.grupomedios.com\/futbol\/destacado-home\/chicharito-podria-volver-al-futbol-espanol-sevilla\/2017\/05","title":{"rendered":"Chicharito podr\u00eda volver al futbol espa\u00f1ol con el Sevilla"},"content":{"rendered":"<p>Parece que el futuro de<strong> Javier Hern\u00e1ndez\u00a0<\/strong>no ser\u00e1 con el <strong>Bayer Leverkusen<\/strong>, pues adem\u00e1s del <span style=\"color: #3366ff;\"><a style=\"color: #3366ff;\" href=\"https:\/\/www.futboltotal.com.mx\/2017\/05\/ademas-chicharito-lyon-estara-interesado-en-vela\/\" target=\"_blank\" rel=\"noopener noreferrer\">inter\u00e9s del Olympique de Lyon por el delantero mexicano<\/a><\/span>, otro equipo se ha sumado por el mexicano, pues ahora se especula que el <strong>Sevilla<\/strong> querr\u00eda al actual jugador de las Aspirinas.<\/p>\n<p><strong>Chicharito<\/strong> ser\u00eda una de las opciones principales de los andaluces y del nuevo entrenador Eduardo Berizzo, quien ser\u00e1 presentado en los pr\u00f3ximos d\u00edas, seg\u00fan informa el diario espa\u00f1ol Sport.<\/p>\n<p style=\"text-align: center;\"><span style=\"color: #3366ff;\"><a style=\"color: #3366ff;\" href=\"https:\/\/www.futboltotal.com.mx\/2017\/05\/dario-benedetto-podria-llegar-al-sevilla\/\">VER M\u00c1S: Dar\u00edo Benedetto podr\u00eda llegar al Sevilla<\/a><\/span><\/p>\n<p>El <strong>Sevilla<\/strong> termin\u00f3 en cuarto lugar dentro de la Liga de Espa\u00f1a y jugar\u00e1 la fase previa de la Champions League, por lo que <strong>Chicharito<\/strong> podr\u00eda estar interesado ya que el Bayer Leverkusen no se clasific\u00f3 a ning\u00fan torneo europeo debido a su mala temporada.<\/p>\n<p>Adem\u00e1s del inter\u00e9s por los torneos europeos, otro de los motivos por los que Hern\u00e1ndez podr\u00eda llegar al <strong>Sevilla<\/strong> es el plazo de su contrato, pues finaliza en junio del 2018 y hasta ahora no se ha hablado de alguna renovaci\u00f3n.<\/p>\n<p><strong>Chicharito<\/strong> ya jug\u00f3 en el futbol espa\u00f1ol cuando tuvo un paso por el Real Madrid en la temporada 2014-15, y a pesar de que tuvo pocos minutos, dej\u00f3 buenas impresiones por la cantidad de goles con las que termin\u00f3.<\/p>\n<p style=\"text-align: center;\"><span style=\"color: #3366ff;\"><a style=\"color: #3366ff;\" href=\"https:\/\/www.futboltotal.com.mx\/2017\/05\/alan-pulido-elegido-mejor-jugador-del-clausura-2017-la-liga-mx\/\">VER M\u00c1S: Alan Pulido, elegido Mejor Jugador del Clausura 2017 de la Liga MX<\/a><\/span><\/p>\n","protected":false},"excerpt":{"rendered":"<p>El mexicano podr\u00eda tener su segunda oportunidad en la Liga de Espa\u00f1a.<\/p>\n","protected":false},"author":20,"featured_media":481499,"comment_status":"closed","ping_status":"closed","sticky":false,"template":"","format":"standard","meta":[],"categories":[5,3839],"tags":[120,4847,6214],"_links":{"self":[{"href":"http:\/\/desarrollo.grupomedios.com\/futbol\/wp-json\/wp\/v2\/posts\/481489"}],"collection":[{"href":"http:\/\/desarrollo.grupomedios.com\/futbol\/wp-json\/wp\/v2\/posts"}],"about":[{"href":"http:\/\/desarrollo.grupomedios.com\/futbol\/wp-json\/wp\/v2\/types\/post"}],"author":[{"embeddable":true,"href":"http:\/\/desarrollo.grupomedios.com\/futbol\/wp-json\/wp\/v2\/users\/20"}],"replies":[{"embeddable":true,"href":"http:\/\/desarrollo.grupomedios.com\/futbol\/wp-json\/wp\/v2\/comments?post=481489"}],"version-history":[{"count":1,"href":"http:\/\/desarrollo.grupomedios.com\/futbol\/wp-json\/wp\/v2\/posts\/481489\/revisions"}],"predecessor-version":[{"id":481500,"href":"http:\/\/desarrollo.grupomedios.com\/futbol\/wp-json\/wp\/v2\/posts\/481489\/revisions\/481500"}],"wp:featuredmedia":[{"embeddable":true,"href":"http:\/\/desarrollo.grupomedios.com\/futbol\/wp-json\/wp\/v2\/media\/481499"}],"wp:attachment":[{"href":"http:\/\/desarrollo.grupomedios.com\/futbol\/wp-json\/wp\/v2\/media?parent=481489"}],"wp:term":[{"taxonomy":"category","embeddable":true,"href":"http:\/\/desarrollo.grupomedios.com\/futbol\/wp-json\/wp\/v2\/categories?post=481489"},{"taxonomy":"post_tag","embeddable":true,"href":"http:\/\/desarrollo.grupomedios.com\/futbol\/wp-json\/wp\/v2\/tags?post=481489"}],"curies":[{"name":"wp","href":"https:\/\/api.w.org\/{rel}","templated":true}]}}