{"id":481503,"date":"2017-05-31T11:10:10","date_gmt":"2017-05-31T16:10:10","guid":{"rendered":"https:\/\/www.futboltotal.com.mx\/?p=481503"},"modified":"2017-05-31T11:10:10","modified_gmt":"2017-05-31T16:10:10","slug":"cabezazo-jesus-duenas-le-habria-costado-fichaje-chivas","status":"publish","type":"post","link":"http:\/\/desarrollo.grupomedios.com\/futbol\/futbol-mexicano\/cabezazo-jesus-duenas-le-habria-costado-fichaje-chivas\/2017\/05","title":{"rendered":"Cabezazo de Jes\u00fas Due\u00f1as le habr\u00eda costado fichaje con Chivas"},"content":{"rendered":"<p>La \u00faltima semana no ha sido nada buena para el mediocampista <strong>Jes\u00fas Due\u00f1as<\/strong>, jugador de los <strong>Tigres<\/strong>, pues adem\u00e1s de haber perdido la <strong>Final<\/strong> de la Liga MX ante <strong>Chivas<\/strong> el altercado con <strong>Miguel Ponce<\/strong> al t\u00e9rmino del juego de vuelta habr\u00eda cerrado la opci\u00f3n de que el volante de la <strong>UANL<\/strong> sea refuerzo del <strong><em>Reba\u00f1o<\/em><\/strong>.<\/p>\n<p>De acuerdo a palabras de <strong>Jorge Vergara<\/strong>, propietario de las <strong>Chivas<\/strong>, tras <a href=\"https:\/\/www.futboltotal.com.mx\/2017\/05\/revelan-nuevo-video-en-duenas-le-tira-cabezazo-a-ponce\/\" target=\"_blank\" rel=\"noopener noreferrer\"><span style=\"color: #333399;\">el cabezazo que Due\u00f1as tir\u00f3 a Ponce<\/span><\/a>, y que <a href=\"https:\/\/www.futboltotal.com.mx\/2017\/05\/ponce-le-da-zape-a-duenas-casi-se-arman-los-golpes-en-la-final\/\" target=\"_blank\" rel=\"noopener noreferrer\"><span style=\"color: #333399;\">caus\u00f3 que el segundo le diera un zape al primero<\/span><\/a>, la posibilidad de que Jes\u00fas se vista de rojiblanco ya no luce como antes.<\/p>\n<p style=\"text-align: center;\"><a href=\"https:\/\/www.futboltotal.com.mx\/2017\/05\/chicharito-podria-volver-al-futbol-espanol-sevilla\/\" target=\"_blank\" rel=\"noopener noreferrer\"><span style=\"color: #333399;\">VER M\u00c1S: Chicharito podr\u00eda volver al futbol espa\u00f1ol con el Sevilla<\/span><\/a><\/p>\n<p>&#8220;Yo ya no creo que lo quiera mucho que digamos despu\u00e9s de lo que pas\u00f3, entonces no se si sea opci\u00f3n para <strong>Guadalajara<\/strong>&#8220;, mencion\u00f3 el due\u00f1o del <em>Reba\u00f1o<\/em> para TVC Deportes.<\/p>\n<p>Sumado a lo anterior,\u00a0una supuesta fiesta de jugadores del club regio puso en problemas el matrimonio de Due\u00f1as, lo que ser\u00eda la causa de que el futbolista de Tigres no haya reportado al llamado de la <strong>Selecci\u00f3n Mexicana<\/strong>.<\/p>\n<p style=\"text-align: center;\"><a href=\"https:\/\/www.futboltotal.com.mx\/2017\/05\/monterrey-se-reforzaria-jugador-del-inter-milan\/\" target=\"_blank\" rel=\"noopener noreferrer\"><span style=\"color: #333399;\">VER M\u00c1S: Monterrey fichar\u00eda a un jugador del Inter de Mil\u00e1n<\/span><\/a><\/p>\n","protected":false},"excerpt":{"rendered":"<p>De acuerdo a Jorge Vergara, la posible llegada de Due\u00f1as tal Reba\u00f1o se aleja.<\/p>\n","protected":false},"author":20,"featured_media":481504,"comment_status":"closed","ping_status":"closed","sticky":false,"template":"","format":"standard","meta":[],"categories":[7740,2198,3845],"tags":[8317,70,7863,64,788,5973,8656],"_links":{"self":[{"href":"http:\/\/desarrollo.grupomedios.com\/futbol\/wp-json\/wp\/v2\/posts\/481503"}],"collection":[{"href":"http:\/\/desarrollo.grupomedios.com\/futbol\/wp-json\/wp\/v2\/posts"}],"about":[{"href":"http:\/\/desarrollo.grupomedios.com\/futbol\/wp-json\/wp\/v2\/types\/post"}],"author":[{"embeddable":true,"href":"http:\/\/desarrollo.grupomedios.com\/futbol\/wp-json\/wp\/v2\/users\/20"}],"replies":[{"embeddable":true,"href":"http:\/\/desarrollo.grupomedios.com\/futbol\/wp-json\/wp\/v2\/comments?post=481503"}],"version-history":[{"count":1,"href":"http:\/\/desarrollo.grupomedios.com\/futbol\/wp-json\/wp\/v2\/posts\/481503\/revisions"}],"predecessor-version":[{"id":481507,"href":"http:\/\/desarrollo.grupomedios.com\/futbol\/wp-json\/wp\/v2\/posts\/481503\/revisions\/481507"}],"wp:featuredmedia":[{"embeddable":true,"href":"http:\/\/desarrollo.grupomedios.com\/futbol\/wp-json\/wp\/v2\/media\/481504"}],"wp:attachment":[{"href":"http:\/\/desarrollo.grupomedios.com\/futbol\/wp-json\/wp\/v2\/media?parent=481503"}],"wp:term":[{"taxonomy":"category","embeddable":true,"href":"http:\/\/desarrollo.grupomedios.com\/futbol\/wp-json\/wp\/v2\/categories?post=481503"},{"taxonomy":"post_tag","embeddable":true,"href":"http:\/\/desarrollo.grupomedios.com\/futbol\/wp-json\/wp\/v2\/tags?post=481503"}],"curies":[{"name":"wp","href":"https:\/\/api.w.org\/{rel}","templated":true}]}}