{"id":481508,"date":"2017-05-31T11:35:13","date_gmt":"2017-05-31T16:35:13","guid":{"rendered":"https:\/\/www.futboltotal.com.mx\/?p=481508"},"modified":"2017-05-31T11:35:13","modified_gmt":"2017-05-31T16:35:13","slug":"vergara-no-se-rinde-quiere-javier-aquino-chivas","status":"publish","type":"post","link":"http:\/\/desarrollo.grupomedios.com\/futbol\/futbol-mexicano\/vergara-no-se-rinde-quiere-javier-aquino-chivas\/2017\/05","title":{"rendered":"Vergara no se rinde, quiere a Javier Aquino con Chivas"},"content":{"rendered":"<p>Luego de haber levantado el t\u00edtulo de liga del <strong>Clausura 2017<\/strong>, las <strong>Chivas<\/strong> ya piensan en lo que viene para el torneo <strong>Apertura 2017<\/strong> y para buscar defender el t\u00edtulo planean fichajes que refuercen al plantel, como el de un jugador que desde hace tiempo est\u00e1 en su agenda: <strong>Javier Aquino<\/strong>.<\/p>\n<p>El jugador oaxaque\u00f1o, quien sufri\u00f3 con <strong>Tigres<\/strong> la derrota en la final ante el <em><strong>Reba\u00f1o<\/strong><\/em>, <a href=\"https:\/\/www.futboltotal.com.mx\/2017\/04\/chivas-insistira-en-fichar-a-javier-aquino\/\" target=\"_blank\" rel=\"noopener noreferrer\"><span style=\"color: #333399;\">es uno de los caprichos por los que la directiva rojiblanca ha insistido<\/span><\/a>, aunque hasta ahora no se ha dado el traspaso debido al alto costo que puso a su carta el equipo de la <em><strong>UANL,<\/strong><\/em> situaci\u00f3n que conoce <strong>Jorge Vergara<\/strong>, due\u00f1o de Chivas.<\/p>\n<p style=\"text-align: center;\"><a href=\"https:\/\/www.futboltotal.com.mx\/2017\/05\/chicharito-podria-volver-al-futbol-espanol-sevilla\/\" target=\"_blank\" rel=\"noopener noreferrer\"><span style=\"color: #333399;\">VER M\u00c1S: Chicharito podr\u00eda volver al futbol espa\u00f1ol con el Sevilla<\/span><\/a><\/p>\n<p>&#8220;(A Javier) <strong>Aquino<\/strong> me gustar\u00eda verlo en <strong>Chivas<\/strong>, pero lo veo muy dif\u00edcil&#8221;, asegur\u00f3 el propietario del Guadalajara en entrevista para TVC Deportes.<\/p>\n<p>Sin embargo, esta estrategia del <em>Chiver\u00edo<\/em> de descartar jugadores ante los medios debido a complicaciones para el fichaje ya se han dado con futbolistas como <strong>Alan Pulido<\/strong>, por lo que no ser\u00eda descabellado ver a Aquino como rojiblanco para el siguiente torneo.<\/p>\n<p style=\"text-align: center;\"><a href=\"https:\/\/www.futboltotal.com.mx\/2017\/05\/cabezazo-jesus-duenas-le-habria-costado-fichaje-chivas\/\" target=\"_blank\" rel=\"noopener noreferrer\"><span style=\"color: #333399;\">VER M\u00c1S: Cabezazo de Jes\u00fas Due\u00f1as le habr\u00eda costado su fichaje con Chivas<\/span><\/a><\/p>\n","protected":false},"excerpt":{"rendered":"<p>Aquino sigue siendo uno de los caprichos de directiva y cuerpo t\u00e9cnico de Chivas.<\/p>\n","protected":false},"author":20,"featured_media":481509,"comment_status":"closed","ping_status":"closed","sticky":false,"template":"","format":"standard","meta":[],"categories":[7740,2198,3845],"tags":[70,5963,6025,243,64,5973],"_links":{"self":[{"href":"http:\/\/desarrollo.grupomedios.com\/futbol\/wp-json\/wp\/v2\/posts\/481508"}],"collection":[{"href":"http:\/\/desarrollo.grupomedios.com\/futbol\/wp-json\/wp\/v2\/posts"}],"about":[{"href":"http:\/\/desarrollo.grupomedios.com\/futbol\/wp-json\/wp\/v2\/types\/post"}],"author":[{"embeddable":true,"href":"http:\/\/desarrollo.grupomedios.com\/futbol\/wp-json\/wp\/v2\/users\/20"}],"replies":[{"embeddable":true,"href":"http:\/\/desarrollo.grupomedios.com\/futbol\/wp-json\/wp\/v2\/comments?post=481508"}],"version-history":[{"count":1,"href":"http:\/\/desarrollo.grupomedios.com\/futbol\/wp-json\/wp\/v2\/posts\/481508\/revisions"}],"predecessor-version":[{"id":481512,"href":"http:\/\/desarrollo.grupomedios.com\/futbol\/wp-json\/wp\/v2\/posts\/481508\/revisions\/481512"}],"wp:featuredmedia":[{"embeddable":true,"href":"http:\/\/desarrollo.grupomedios.com\/futbol\/wp-json\/wp\/v2\/media\/481509"}],"wp:attachment":[{"href":"http:\/\/desarrollo.grupomedios.com\/futbol\/wp-json\/wp\/v2\/media?parent=481508"}],"wp:term":[{"taxonomy":"category","embeddable":true,"href":"http:\/\/desarrollo.grupomedios.com\/futbol\/wp-json\/wp\/v2\/categories?post=481508"},{"taxonomy":"post_tag","embeddable":true,"href":"http:\/\/desarrollo.grupomedios.com\/futbol\/wp-json\/wp\/v2\/tags?post=481508"}],"curies":[{"name":"wp","href":"https:\/\/api.w.org\/{rel}","templated":true}]}}