{"id":481518,"date":"2017-05-31T12:28:14","date_gmt":"2017-05-31T17:28:14","guid":{"rendered":"https:\/\/www.futboltotal.com.mx\/?p=481518"},"modified":"2017-05-31T12:28:14","modified_gmt":"2017-05-31T17:28:14","slug":"valencia-estaria-interesado-en-diego-reyes","status":"publish","type":"post","link":"http:\/\/desarrollo.grupomedios.com\/futbol\/destacado-home\/valencia-estaria-interesado-en-diego-reyes\/2017\/05","title":{"rendered":"Valencia estar\u00eda interesado en contratar a Diego Reyes"},"content":{"rendered":"<p>A pesar de que el Espanyol ha mantenido inter\u00e9s en firmar a <strong>Diego Reyes<\/strong>, el futuro del central mexicano aun sigue en el aire y podr\u00eda continuar en el futbol de Espa\u00f1a, pero no con los Periquitos.<\/p>\n<p>En las \u00faltimas semanas son\u00f3 el arribo del ex americanista a equipos como la Real Sociedad, Villarreal, Bayer Leverkusen y PSV Eindhoven, pero ahora un hist\u00f3rico de Espa\u00f1a tambi\u00e9n ir\u00eda por el defensa.<\/p>\n<p>Seg\u00fan informa el diario <em>R\u00e9cord de Portugal<\/em>, el <strong>Valencia<\/strong> se suma a la lista de inter\u00e9s por Reyes y podr\u00eda tomar r\u00e1pidamente ventaja por el poder adquisitivo, pues es mayor al de los otros equipos.<\/p>\n<p style=\"text-align: center;\"><span style=\"color: #3366ff;\"><a style=\"color: #3366ff;\" href=\"https:\/\/www.futboltotal.com.mx\/2017\/05\/marco-fabian-se-iria-al-wolfsburg\/\">VER M\u00c1S: \u00a1Marco Fabi\u00e1n se ir\u00eda al Wolfsburg!<\/a><\/span><\/p>\n<p><a href=\"https:\/\/www.futboltotal.com.mx\/wp-content\/uploads\/2017\/05\/diego-reyes-valencia.jpg\"><img decoding=\"async\" loading=\"lazy\" class=\"alignnone size-full wp-image-481524\" src=\"https:\/\/www.futboltotal.com.mx\/wp-content\/uploads\/2017\/05\/diego-reyes-valencia.jpg\" alt=\"Valencia estar\u00eda interesado en contratar a Diego Reyes 0\" srcset=\"http:\/\/desarrollo.grupomedios.com\/futbol\/wp-content\/uploads\/2017\/05\/diego-reyes-valencia.jpg 1442w, http:\/\/desarrollo.grupomedios.com\/futbol\/wp-content\/uploads\/2017\/05\/diego-reyes-valencia-300x172.jpg 300w, http:\/\/desarrollo.grupomedios.com\/futbol\/wp-content\/uploads\/2017\/05\/diego-reyes-valencia-768x442.jpg 768w, http:\/\/desarrollo.grupomedios.com\/futbol\/wp-content\/uploads\/2017\/05\/diego-reyes-valencia-1024x589.jpg 1024w\" sizes=\"(max-width: 1442px) 100vw, 1442px\" \/><\/a><\/p>\n<p>A pesar del inter\u00e9s de los <em>Naranjeros<\/em>, el equipo que llevar\u00eda ventaja es el Espanyol de Barcelona, pues fue el equipo donde <strong>Diego Reyes<\/strong> jug\u00f3 la \u00faltima temporada y dej\u00f3 buenas impresiones.<\/p>\n","protected":false},"excerpt":{"rendered":"<p>El mexicano podr\u00eda llegar al conjunto naranjero.<\/p>\n","protected":false},"author":20,"featured_media":481525,"comment_status":"closed","ping_status":"closed","sticky":false,"template":"","format":"standard","meta":[],"categories":[5,7740,3839],"tags":[6006,67,4847,6214],"_links":{"self":[{"href":"http:\/\/desarrollo.grupomedios.com\/futbol\/wp-json\/wp\/v2\/posts\/481518"}],"collection":[{"href":"http:\/\/desarrollo.grupomedios.com\/futbol\/wp-json\/wp\/v2\/posts"}],"about":[{"href":"http:\/\/desarrollo.grupomedios.com\/futbol\/wp-json\/wp\/v2\/types\/post"}],"author":[{"embeddable":true,"href":"http:\/\/desarrollo.grupomedios.com\/futbol\/wp-json\/wp\/v2\/users\/20"}],"replies":[{"embeddable":true,"href":"http:\/\/desarrollo.grupomedios.com\/futbol\/wp-json\/wp\/v2\/comments?post=481518"}],"version-history":[{"count":1,"href":"http:\/\/desarrollo.grupomedios.com\/futbol\/wp-json\/wp\/v2\/posts\/481518\/revisions"}],"predecessor-version":[{"id":481526,"href":"http:\/\/desarrollo.grupomedios.com\/futbol\/wp-json\/wp\/v2\/posts\/481518\/revisions\/481526"}],"wp:featuredmedia":[{"embeddable":true,"href":"http:\/\/desarrollo.grupomedios.com\/futbol\/wp-json\/wp\/v2\/media\/481525"}],"wp:attachment":[{"href":"http:\/\/desarrollo.grupomedios.com\/futbol\/wp-json\/wp\/v2\/media?parent=481518"}],"wp:term":[{"taxonomy":"category","embeddable":true,"href":"http:\/\/desarrollo.grupomedios.com\/futbol\/wp-json\/wp\/v2\/categories?post=481518"},{"taxonomy":"post_tag","embeddable":true,"href":"http:\/\/desarrollo.grupomedios.com\/futbol\/wp-json\/wp\/v2\/tags?post=481518"}],"curies":[{"name":"wp","href":"https:\/\/api.w.org\/{rel}","templated":true}]}}