{"id":481521,"date":"2017-05-31T12:14:10","date_gmt":"2017-05-31T17:14:10","guid":{"rendered":"https:\/\/www.futboltotal.com.mx\/?p=481521"},"modified":"2017-05-31T12:14:10","modified_gmt":"2017-05-31T17:14:10","slug":"reportero-contesta-gignac-saber-perfectamente-lo-que-hiciste","status":"publish","type":"post","link":"http:\/\/desarrollo.grupomedios.com\/futbol\/futbol-mexicano\/reportero-contesta-gignac-saber-perfectamente-lo-que-hiciste\/2017\/05","title":{"rendered":"Reportero responde a Gignac: &#8220;Sabes perfectamente lo que hiciste&#8221;"},"content":{"rendered":"<p>La novela entre <strong>Andr\u00e9-Pierre Gignac<\/strong> y un reportero de <strong>Televisa<\/strong> contin\u00faa, luego de que se mencionara que al t\u00e9rmino de la final de vuelta del <strong>Clausura 2017<\/strong> en la que <strong>Chivas<\/strong> venci\u00f3 a la <strong><em>UANL<\/em><\/strong> e<a href=\"https:\/\/www.futboltotal.com.mx\/2017\/05\/gignac-acusado-golpear-a-reportero-televisa\/\" target=\"_blank\" rel=\"noopener noreferrer\"><span style=\"color: #333399;\">l franc\u00e9s golpe\u00f3 al periodista<\/span><\/a>.<\/p>\n<p><a href=\"https:\/\/www.futboltotal.com.mx\/2017\/05\/gignac-explota-llama-mentiroso-a-periodista-habria-golpeado\/\" target=\"_blank\" rel=\"noopener noreferrer\"><span style=\"color: #333399;\"><strong>Gignac<\/strong> fue el primero de los protagonistas en reaccionar en redes sociales<\/span><\/a>, llamando mentiroso al reportero, pregunt\u00e1ndole si buscaba fama o followers, adem\u00e1s de amagar con que est\u00e1 dispuesta a dejar M\u00e9xico a causa de la prensa de este pa\u00eds.<\/p>\n<p style=\"text-align: center;\"><a href=\"https:\/\/www.futboltotal.com.mx\/2017\/05\/cabezazo-jesus-duenas-le-habria-costado-fichaje-chivas\/\" target=\"_blank\" rel=\"noopener noreferrer\"><span style=\"color: #333399;\">VER M\u00c1S: Cabezazo de Jes\u00fas Due\u00f1as le habr\u00eda costado fichaje con Chivas<\/span><\/a><\/p>\n<p>Ahora fue el turno de <strong>Yussif Caro<\/strong>, el colaborador de <strong>Televisa<\/strong>, para contestarle a <strong>Gignac<\/strong> por el mismo medio y dar su versi\u00f3n de los hechos, en la que asegura que Andr\u00e9 sabe lo que pas\u00f3 realmente y que s\u00f3lo le pidi\u00f3 que dijera ante las c\u00e1maras el motivo de su molestia para no recibir la medalla de subcampe\u00f3n.<\/p>\n<p>Adem\u00e1s, descart\u00f3 que su trabajo lo haga en busca de\u00a0followers y reiter\u00f3 el talento de <strong>Gignac<\/strong>, as\u00ed como le dese\u00f3 buena suerte. \u00bfCachetada con guante blanco?<\/p>\n<p style=\"text-align: center;\"><a href=\"https:\/\/www.futboltotal.com.mx\/2017\/05\/cruz-azul-quiere-los-servicios-ismael-sosa\/\" target=\"_blank\" rel=\"noopener noreferrer\"><span style=\"color: #333399;\">VER M\u00c1S: Cruz Azul quiere fichar a Ismael Sosa de Tigres<\/span><\/a><\/p>\n<p>&nbsp;<\/p>\n<p>&nbsp;<\/p>\n<blockquote class=\"twitter-tweet\" data-lang=\"es\">\n<p dir=\"ltr\" lang=\"und\"><a href=\"https:\/\/twitter.com\/10APG\">@10APG<\/a> <a href=\"https:\/\/t.co\/B1hN6f56EG\">pic.twitter.com\/B1hN6f56EG<\/a><\/p>\n<p>\u2014 &#8230;ssif (@Yussif69) <a href=\"https:\/\/twitter.com\/Yussif69\/status\/869579685381976064\">30 de mayo de 2017<\/a><\/p><\/blockquote>\n<p><script async src=\"\/\/platform.twitter.com\/widgets.js\" charset=\"utf-8\"><\/script><\/p>\n","protected":false},"excerpt":{"rendered":"<p>Yussif Caro, colaborador de Televisa, contest\u00f3 a Gignac sobre su incidente.<\/p>\n","protected":false},"author":20,"featured_media":481522,"comment_status":"closed","ping_status":"closed","sticky":false,"template":"","format":"standard","meta":[],"categories":[5419,2198,3845],"tags":[7732,1752,5430,64,8658,4722,5973,8670],"_links":{"self":[{"href":"http:\/\/desarrollo.grupomedios.com\/futbol\/wp-json\/wp\/v2\/posts\/481521"}],"collection":[{"href":"http:\/\/desarrollo.grupomedios.com\/futbol\/wp-json\/wp\/v2\/posts"}],"about":[{"href":"http:\/\/desarrollo.grupomedios.com\/futbol\/wp-json\/wp\/v2\/types\/post"}],"author":[{"embeddable":true,"href":"http:\/\/desarrollo.grupomedios.com\/futbol\/wp-json\/wp\/v2\/users\/20"}],"replies":[{"embeddable":true,"href":"http:\/\/desarrollo.grupomedios.com\/futbol\/wp-json\/wp\/v2\/comments?post=481521"}],"version-history":[{"count":1,"href":"http:\/\/desarrollo.grupomedios.com\/futbol\/wp-json\/wp\/v2\/posts\/481521\/revisions"}],"predecessor-version":[{"id":481523,"href":"http:\/\/desarrollo.grupomedios.com\/futbol\/wp-json\/wp\/v2\/posts\/481521\/revisions\/481523"}],"wp:featuredmedia":[{"embeddable":true,"href":"http:\/\/desarrollo.grupomedios.com\/futbol\/wp-json\/wp\/v2\/media\/481522"}],"wp:attachment":[{"href":"http:\/\/desarrollo.grupomedios.com\/futbol\/wp-json\/wp\/v2\/media?parent=481521"}],"wp:term":[{"taxonomy":"category","embeddable":true,"href":"http:\/\/desarrollo.grupomedios.com\/futbol\/wp-json\/wp\/v2\/categories?post=481521"},{"taxonomy":"post_tag","embeddable":true,"href":"http:\/\/desarrollo.grupomedios.com\/futbol\/wp-json\/wp\/v2\/tags?post=481521"}],"curies":[{"name":"wp","href":"https:\/\/api.w.org\/{rel}","templated":true}]}}