{"id":481528,"date":"2017-05-31T13:13:02","date_gmt":"2017-05-31T18:13:02","guid":{"rendered":"https:\/\/www.futboltotal.com.mx\/?p=481528"},"modified":"2017-05-31T13:13:02","modified_gmt":"2017-05-31T18:13:02","slug":"faitelson-acusa-piojo-herrera-pelaez-te-manejaba-lo-corriste-del-america","status":"publish","type":"post","link":"http:\/\/desarrollo.grupomedios.com\/futbol\/futbol-mexicano\/faitelson-acusa-piojo-herrera-pelaez-te-manejaba-lo-corriste-del-america\/2017\/05","title":{"rendered":"Faitelson acusa al Piojo: &#8220;Pel\u00e1ez te manejaba y lo corriste del Am\u00e9rica&#8221;"},"content":{"rendered":"<p><strong>Miguel <em>Piojo<\/em> Herrera<\/strong>, nuevo entrenador del <strong>Am\u00e9rica<\/strong>, contin\u00faa \u00a0con su apertura ante los medios de comunicaci\u00f3n que desde su primer paso por Coapa le caracteriz\u00f3 y en una visita al programa Futbol Picante se vio envuelto en dimes y diretes pol\u00e9micos con el periodista <strong>David Faitelson<\/strong>.<\/p>\n<p>El colaborador de ESPN estuvo cuestionando al <em>Piojo<\/em> de temas \u00e1lgidos, al grado de asegurar que hace a\u00f1os <strong>Herrera<\/strong> era manejado por <strong>Ricardo Pel\u00e1ez<\/strong>, quien hasta hace poco era presidente deportivo de las <em><strong>\u00c1guilas<\/strong><\/em> y uno de los responsables de los triunfos americanistas en los \u00faltimos a\u00f1os.<\/p>\n<p style=\"text-align: center;\"><a href=\"https:\/\/www.futboltotal.com.mx\/2017\/05\/filtraron-supuesto-nuevo-escudo-del-atletico-san-luis\/\" target=\"_blank\" rel=\"noopener noreferrer\"><span style=\"color: #333399;\">VER M\u00c1S: Filtraron supuesto nuevo escudo del Atl\u00e9tico San Luis<\/span><\/a><\/p>\n<p>A partir del minuto 12 del video se puede apreciar a <strong>Jos\u00e9 Luis <span style=\"text-decoration: underline;\"><em>Chel\u00eds<\/em><\/span> S\u00e1nchez Sol\u00e1<\/strong>\u00a0hablando con Herrera sobre la necesidad de tener\u00a0a alguien que le ayude a mantener la cordura como en su primera etapa con las <em>\u00c1guilas<\/em> y <strong>Faitelson<\/strong> asegur\u00f3 que hace tiempo lo fue <strong>Pel\u00e1ez<\/strong> , especulando que por ello el <em><strong>Piojo<\/strong><\/em> pidi\u00f3 la salida del ex directivo azulcrema, lo que gener\u00f3 que ambos explotaran.<\/p>\n<p>Adem\u00e1s, el periodista de ESPN le recrimin\u00f3 a Miguel que en la semifinal de ida contra Tigres su ahora ex equipo Tijuana estuvo muy por debajo del nivel que se le conoc\u00eda, con frases como: &#8220;\u00a1En Monterrey jugaste cagado de miedo!&#8221; y &#8220;\u00bfEl topo fue la diferencia?, \u00a1\u00bfel Topo Valenzuela?!&#8221;.<\/p>\n<p style=\"text-align: center;\"><a href=\"https:\/\/www.futboltotal.com.mx\/2017\/05\/cabezazo-jesus-duenas-le-habria-costado-fichaje-chivas\/\" target=\"_blank\" rel=\"noopener noreferrer\"><span style=\"color: #333399;\">VER M\u00c1S: Cabezazo de Jes\u00fas Due\u00f1as le habr\u00eda costado fichaje con Chivas<\/span><\/a><\/p>\n<p>\u00a0<iframe loading=\"lazy\" src=\"https:\/\/www.youtube.com\/embed\/tSAMGyC_yGA\" frameborder=\"0\" allowfullscreen=\"allowfullscreen\"><\/iframe><\/p>\n","protected":false},"excerpt":{"rendered":"<p>El colaborador de ESPN estuvo cuestionando al Piojo de temas \u00e1lgidos.<\/p>\n","protected":false},"author":20,"featured_media":481530,"comment_status":"closed","ping_status":"closed","sticky":false,"template":"","format":"standard","meta":[],"categories":[5419,2198,3845],"tags":[1585,5959,6501,64,255,6157,349],"_links":{"self":[{"href":"http:\/\/desarrollo.grupomedios.com\/futbol\/wp-json\/wp\/v2\/posts\/481528"}],"collection":[{"href":"http:\/\/desarrollo.grupomedios.com\/futbol\/wp-json\/wp\/v2\/posts"}],"about":[{"href":"http:\/\/desarrollo.grupomedios.com\/futbol\/wp-json\/wp\/v2\/types\/post"}],"author":[{"embeddable":true,"href":"http:\/\/desarrollo.grupomedios.com\/futbol\/wp-json\/wp\/v2\/users\/20"}],"replies":[{"embeddable":true,"href":"http:\/\/desarrollo.grupomedios.com\/futbol\/wp-json\/wp\/v2\/comments?post=481528"}],"version-history":[{"count":1,"href":"http:\/\/desarrollo.grupomedios.com\/futbol\/wp-json\/wp\/v2\/posts\/481528\/revisions"}],"predecessor-version":[{"id":481532,"href":"http:\/\/desarrollo.grupomedios.com\/futbol\/wp-json\/wp\/v2\/posts\/481528\/revisions\/481532"}],"wp:featuredmedia":[{"embeddable":true,"href":"http:\/\/desarrollo.grupomedios.com\/futbol\/wp-json\/wp\/v2\/media\/481530"}],"wp:attachment":[{"href":"http:\/\/desarrollo.grupomedios.com\/futbol\/wp-json\/wp\/v2\/media?parent=481528"}],"wp:term":[{"taxonomy":"category","embeddable":true,"href":"http:\/\/desarrollo.grupomedios.com\/futbol\/wp-json\/wp\/v2\/categories?post=481528"},{"taxonomy":"post_tag","embeddable":true,"href":"http:\/\/desarrollo.grupomedios.com\/futbol\/wp-json\/wp\/v2\/tags?post=481528"}],"curies":[{"name":"wp","href":"https:\/\/api.w.org\/{rel}","templated":true}]}}