{"id":481569,"date":"2017-05-31T16:43:10","date_gmt":"2017-05-31T21:43:10","guid":{"rendered":"https:\/\/www.futboltotal.com.mx\/?p=481569"},"modified":"2017-05-31T16:43:10","modified_gmt":"2017-05-31T21:43:10","slug":"tanta-humildad-buena-cristiano","status":"publish","type":"post","link":"http:\/\/desarrollo.grupomedios.com\/futbol\/futbol-internacional\/tanta-humildad-buena-cristiano\/2017\/05","title":{"rendered":"Tanta humildad no es buena: Cristiano"},"content":{"rendered":"<p><strong>Cristiano Ronaldo<\/strong>, delantero del <strong>Real Madrid<\/strong>, afirm\u00f3 este martes, en las c\u00e1maras de Real Madrid TV, que para ganar la final de la <strong>Champions League<\/strong>\u00a0&#8220;demasiada humildad no es buena&#8221; y declar\u00f3 que su equipo tiene que demostrar su &#8220;car\u00e1cter&#8221; para ganar el t\u00edtulo en Cardiff.<\/p>\n<p>El delantero portugu\u00e9s, a cuatro d\u00edas del partido decisivo por el m\u00e1ximo trofeo continental que disputar\u00e1 ante el Juventus, dej\u00f3 claro que \u00e9l y sus compa\u00f1eros tienen que sacar a relucir su car\u00e1cter para conseguir su segundo t\u00edtulo del curso.<\/p>\n<p style=\"text-align: center;\"><span style=\"color: #3366ff;\"><a style=\"color: #3366ff;\" href=\"https:\/\/www.futboltotal.com.mx\/2017\/05\/chicharito-podria-volver-al-futbol-espanol-sevilla\/\">VER M\u00c1S: Chicharito podr\u00eda volver al futbol espa\u00f1ol con el Sevilla<\/a><\/span><\/p>\n<blockquote><p>&#8220;Demasiada humildad no es buena. Tenemos que demostrar nuestro car\u00e1cter y qui\u00e9n es el mejor. Ellos (el Juventus) son un excelente equipo pero nosotros tambi\u00e9n. Tengo la sensaci\u00f3n de que vamos a hacer un gran partido y vamos a ganar&#8221;, dijo.<\/p><\/blockquote>\n<p>Adem\u00e1s, reconoci\u00f3 que el d\u00eda del partido habr\u00e1 muchos &#8220;nervios&#8221; por parte de todo el mundo, aunque revel\u00f3 que ganar la Liga tranquiliz\u00f3 mucho a los jugadores del <strong>Real Madrid<\/strong>, que, a su juicio, est\u00e1n en un momento &#8220;extraordinario&#8221;.<\/p>\n<blockquote><p>&#8220;Ahora prefiero no pensar mucho en la final. Se gana marcando goles. Yo me siento bien, me siento mejor a nivel f\u00edsico que las \u00faltimas temporadas. Tambi\u00e9n porque he jugado menos, aunque soy el que m\u00e1s partidos de la plantilla&#8221;, destac\u00f3.<\/p><\/blockquote>\n<p style=\"text-align: center;\"><span style=\"color: #3366ff;\"><a style=\"color: #3366ff;\" href=\"https:\/\/www.futboltotal.com.mx\/2017\/05\/valencia-estaria-interesado-en-diego-reyes\/\">VER M\u00c1S: Valencia estar\u00eda interesado en contratar a Diego Reyes<\/a><\/span><\/p>\n<p>Para <strong>Cristiano<\/strong>, el culpable de su gran momento de forma es su entrenador: &#8220;se debe a una gran gesti\u00f3n e inteligente de Zidane y de mis compa\u00f1eros. A lo mejor algunos quer\u00edan jugar m\u00e1s, pero es el entrenador el que toma las decisiones&#8221;.<\/p>\n<blockquote><p>&#8220;Me siento mejor que en los \u00faltimos a\u00f1os. Espero ayudar al equipo con goles el s\u00e1bado. Espero que la afici\u00f3n est\u00e9 con nosotros el s\u00e1bado y tengan pensamientos positivos&#8221;, culmin\u00f3. EFE<\/p><\/blockquote>\n","protected":false},"excerpt":{"rendered":"<p>CR7 declar\u00f3 que su equipo tiene que demostrar su &#8220;car\u00e1cter&#8221;.<\/p>\n","protected":false},"author":144,"featured_media":477554,"comment_status":"closed","ping_status":"closed","sticky":false,"template":"","format":"standard","meta":[],"categories":[3839],"tags":[36,6013,5988],"_links":{"self":[{"href":"http:\/\/desarrollo.grupomedios.com\/futbol\/wp-json\/wp\/v2\/posts\/481569"}],"collection":[{"href":"http:\/\/desarrollo.grupomedios.com\/futbol\/wp-json\/wp\/v2\/posts"}],"about":[{"href":"http:\/\/desarrollo.grupomedios.com\/futbol\/wp-json\/wp\/v2\/types\/post"}],"author":[{"embeddable":true,"href":"http:\/\/desarrollo.grupomedios.com\/futbol\/wp-json\/wp\/v2\/users\/144"}],"replies":[{"embeddable":true,"href":"http:\/\/desarrollo.grupomedios.com\/futbol\/wp-json\/wp\/v2\/comments?post=481569"}],"version-history":[{"count":1,"href":"http:\/\/desarrollo.grupomedios.com\/futbol\/wp-json\/wp\/v2\/posts\/481569\/revisions"}],"predecessor-version":[{"id":481570,"href":"http:\/\/desarrollo.grupomedios.com\/futbol\/wp-json\/wp\/v2\/posts\/481569\/revisions\/481570"}],"wp:featuredmedia":[{"embeddable":true,"href":"http:\/\/desarrollo.grupomedios.com\/futbol\/wp-json\/wp\/v2\/media\/477554"}],"wp:attachment":[{"href":"http:\/\/desarrollo.grupomedios.com\/futbol\/wp-json\/wp\/v2\/media?parent=481569"}],"wp:term":[{"taxonomy":"category","embeddable":true,"href":"http:\/\/desarrollo.grupomedios.com\/futbol\/wp-json\/wp\/v2\/categories?post=481569"},{"taxonomy":"post_tag","embeddable":true,"href":"http:\/\/desarrollo.grupomedios.com\/futbol\/wp-json\/wp\/v2\/tags?post=481569"}],"curies":[{"name":"wp","href":"https:\/\/api.w.org\/{rel}","templated":true}]}}