{"id":481590,"date":"2017-05-31T21:06:35","date_gmt":"2017-06-01T02:06:35","guid":{"rendered":"https:\/\/www.futboltotal.com.mx\/?p=481590"},"modified":"2017-05-31T21:06:35","modified_gmt":"2017-06-01T02:06:35","slug":"oficial-lainez-nuevo-futbolista-del-club-leon","status":"publish","type":"post","link":"http:\/\/desarrollo.grupomedios.com\/futbol\/futbol-mexicano\/oficial-lainez-nuevo-futbolista-del-club-leon\/2017\/05","title":{"rendered":"OFICIAL: \u00a1Lainez, nuevo futbolista del Club Le\u00f3n!"},"content":{"rendered":"<p>El delantero mexicano, <strong>Mauro Lainez<\/strong>, dio a conocer a trav\u00e9s de redes sociales, que dejar\u00e1 a los Mineros de Zacatecas, para integrarse al plantel del <strong>Le\u00f3n<\/strong>, club filial al conjunto semifinalista del Ascenso MX.<\/p>\n<p>\u201cOrgulloso de llegar a una gran instituci\u00f3n como Le\u00f3n, a dar todo por el equipo y los colores. \u00a1Dios Conmigo!\u201d, explic\u00f3 el hermano de Diego Lainez, en su cuenta de Twitter.<\/p>\n<p style=\"text-align: center;\"><span style=\"color: #3366ff;\"><a style=\"color: #3366ff;\" href=\"https:\/\/www.futboltotal.com.mx\/2017\/05\/amaranto-perea-regresaria-a-mexico-dt\/\" target=\"_blank\" rel=\"noopener noreferrer\"><strong>VER M\u00c1S: Amaranto Perea volver\u00eda a M\u00e9xico como DT<\/strong><\/a><\/span><\/p>\n<blockquote class=\"twitter-tweet\" data-lang=\"es\">\n<p dir=\"ltr\" lang=\"es\"><a href=\"https:\/\/twitter.com\/hashtag\/SerFieraNoCualquiera?src=hash\">#SerFieraNoCualquiera<\/a> Orgulloso de llegar a una gran instituci\u00f3n como <a href=\"https:\/\/twitter.com\/clubleonfc\">@clubleonfc<\/a> , a dar todo por el equipo y los colores. \u00a1Dios Conmigo!<\/p>\n<p>\u2014 M. Lainez (@MauroAL76) <a href=\"https:\/\/twitter.com\/MauroAL76\/status\/870085301015683073\">1 de junio de 2017<\/a><\/p><\/blockquote>\n<p><script async src=\"\/\/platform.twitter.com\/widgets.js\" charset=\"utf-8\"><\/script><\/p>\n<p style=\"text-align: center;\"><span style=\"color: #3366ff;\"><a style=\"color: #3366ff;\" href=\"https:\/\/www.futboltotal.com.mx\/2017\/05\/miguel-herrera-confirma-aviles-hurtado\/\" target=\"_blank\" rel=\"noopener noreferrer\"><strong>VER M\u00c1S: Miguel Herrera confirma destino de Avil\u00e9s Hurtado<\/strong><\/a><\/span><\/p>\n<p><strong>Mauro Lainez<\/strong> tendr\u00e1 la oportunidad de debutar en Primera Divisi\u00f3n, ya que lo m\u00e1s cerca que estuvo fue en 2015, cuando debut\u00f3 en Copa MX con el Pachuca. Cabe destacar, que el hermano de Diego, tendr\u00e1 ahora, su tercera experiencia en un club del Grupo Pachuca, al haber jugado con los Tuzos y Mineros de Zacatecas.<\/p>\n<p style=\"text-align: center;\"><span style=\"color: #3366ff;\"><a style=\"color: #3366ff;\" href=\"https:\/\/www.futboltotal.com.mx\/2017\/05\/comision-disciplinaria-revela-sancion-a-duenas-ponce\/\" target=\"_blank\" rel=\"noopener noreferrer\"><strong>VER M\u00c1S: FMF castiga a Miguel Ponce y Jes\u00fas Due\u00f1as<\/strong><\/a><\/span><\/p>\n<p>S\u00edguenos en Twitter: <a href=\"https:\/\/twitter.com\/MXFutbolTotal\" target=\"_blank\" rel=\"noopener noreferrer\">@MXFutbolTotal<\/a><\/p>\n","protected":false},"excerpt":{"rendered":"<p>Mauro, hermano mayor de Diego, se incorpora a las filas de la Fiera.<\/p>\n","protected":false},"author":20,"featured_media":481592,"comment_status":"closed","ping_status":"closed","sticky":false,"template":"","format":"standard","meta":[],"categories":[2198,3845],"tags":[5965],"_links":{"self":[{"href":"http:\/\/desarrollo.grupomedios.com\/futbol\/wp-json\/wp\/v2\/posts\/481590"}],"collection":[{"href":"http:\/\/desarrollo.grupomedios.com\/futbol\/wp-json\/wp\/v2\/posts"}],"about":[{"href":"http:\/\/desarrollo.grupomedios.com\/futbol\/wp-json\/wp\/v2\/types\/post"}],"author":[{"embeddable":true,"href":"http:\/\/desarrollo.grupomedios.com\/futbol\/wp-json\/wp\/v2\/users\/20"}],"replies":[{"embeddable":true,"href":"http:\/\/desarrollo.grupomedios.com\/futbol\/wp-json\/wp\/v2\/comments?post=481590"}],"version-history":[{"count":2,"href":"http:\/\/desarrollo.grupomedios.com\/futbol\/wp-json\/wp\/v2\/posts\/481590\/revisions"}],"predecessor-version":[{"id":481593,"href":"http:\/\/desarrollo.grupomedios.com\/futbol\/wp-json\/wp\/v2\/posts\/481590\/revisions\/481593"}],"wp:featuredmedia":[{"embeddable":true,"href":"http:\/\/desarrollo.grupomedios.com\/futbol\/wp-json\/wp\/v2\/media\/481592"}],"wp:attachment":[{"href":"http:\/\/desarrollo.grupomedios.com\/futbol\/wp-json\/wp\/v2\/media?parent=481590"}],"wp:term":[{"taxonomy":"category","embeddable":true,"href":"http:\/\/desarrollo.grupomedios.com\/futbol\/wp-json\/wp\/v2\/categories?post=481590"},{"taxonomy":"post_tag","embeddable":true,"href":"http:\/\/desarrollo.grupomedios.com\/futbol\/wp-json\/wp\/v2\/tags?post=481590"}],"curies":[{"name":"wp","href":"https:\/\/api.w.org\/{rel}","templated":true}]}}