{"id":481594,"date":"2017-05-31T21:33:32","date_gmt":"2017-06-01T02:33:32","guid":{"rendered":"https:\/\/www.futboltotal.com.mx\/?p=481594"},"modified":"2017-05-31T21:33:32","modified_gmt":"2017-06-01T02:33:32","slug":"jurgen-damm-el-nuevo-deseo-de-chivas","status":"publish","type":"post","link":"http:\/\/desarrollo.grupomedios.com\/futbol\/destacado-home\/jurgen-damm-el-nuevo-deseo-de-chivas\/2017\/05","title":{"rendered":"\u00a1Jurgen Damm, el nuevo deseo de Chivas!"},"content":{"rendered":"<p>El mediocampista de Tigres, <strong>Jurgen Damm<\/strong>, ya estar\u00eda en la mira de <strong>Chivas<\/strong>, luego de que el conjunto rojiblanco se desinteresara de Jes\u00fas Due\u00f1as, por su actitud tras la Final del Clausura 2017. El veloz volante podr\u00eda jugar en su tercer equipo de Liga MX.<\/p>\n<p>De acuerdo a la cadena de Univisi\u00f3n, el volante de Tigres, <strong>Jurgen Damm<\/strong> ha entrado en los intereses de <strong>Chivas<\/strong>. Eso ser\u00eda debido a que ya no buscar\u00edan a Jes\u00fas Due\u00f1as, o tambi\u00e9n como posible alternativa, en el caso de que no puedan obtener los servicios de Javier Aquino.<\/p>\n<p style=\"text-align: center;\"><span style=\"color: #3366ff;\"><a style=\"color: #3366ff;\" href=\"https:\/\/www.futboltotal.com.mx\/2017\/05\/oficial-lainez-nuevo-futbolista-del-club-leon\/\" target=\"_blank\" rel=\"noopener noreferrer\"><strong>VER M\u00c1S: OFICIAL | Lainez, nuevo jugador de Le\u00f3n<\/strong><\/a><\/span><\/p>\n<p><a href=\"https:\/\/www.futboltotal.com.mx\/wp-content\/uploads\/2017\/05\/jurgen-damm-univision.jpg\"><img decoding=\"async\" loading=\"lazy\" class=\"alignnone size-full wp-image-481599\" src=\"https:\/\/www.futboltotal.com.mx\/wp-content\/uploads\/2017\/05\/jurgen-damm-univision.jpg\" alt=\"\u00a1Jurgen Damm, el nuevo deseo de Chivas! 0\" srcset=\"http:\/\/desarrollo.grupomedios.com\/futbol\/wp-content\/uploads\/2017\/05\/jurgen-damm-univision.jpg 1136w, http:\/\/desarrollo.grupomedios.com\/futbol\/wp-content\/uploads\/2017\/05\/jurgen-damm-univision-300x169.jpg 300w, http:\/\/desarrollo.grupomedios.com\/futbol\/wp-content\/uploads\/2017\/05\/jurgen-damm-univision-768x432.jpg 768w, http:\/\/desarrollo.grupomedios.com\/futbol\/wp-content\/uploads\/2017\/05\/jurgen-damm-univision-1024x576.jpg 1024w, http:\/\/desarrollo.grupomedios.com\/futbol\/wp-content\/uploads\/2017\/05\/jurgen-damm-univision-317x178.jpg 317w, http:\/\/desarrollo.grupomedios.com\/futbol\/wp-content\/uploads\/2017\/05\/jurgen-damm-univision-535x301.jpg 535w, http:\/\/desarrollo.grupomedios.com\/futbol\/wp-content\/uploads\/2017\/05\/jurgen-damm-univision-374x210.jpg 374w\" sizes=\"(max-width: 1136px) 100vw, 1136px\" \/><\/a><\/p>\n<p style=\"text-align: center;\"><span style=\"color: #3366ff;\"><a style=\"color: #3366ff;\" href=\"https:\/\/www.futboltotal.com.mx\/2017\/05\/amaranto-perea-regresaria-a-mexico-dt\/\" target=\"_blank\" rel=\"noopener noreferrer\"><strong>VER M\u00c1S: Amaranto Perea volver\u00eda a M\u00e9xico<\/strong><\/a><\/span><\/p>\n<p>S\u00edguenos en Twitter: <a href=\"https:\/\/twitter.com\/MXFutbolTotal\" target=\"_blank\" rel=\"noopener noreferrer\">@MXFutbolTotal<\/a><\/p>\n","protected":false},"excerpt":{"rendered":"<p>Tras la salida de Jes\u00fas Due\u00f1as, de los intereses del Reba\u00f1o; el velocista ser\u00eda el nuevo objeto del deseo.<\/p>\n","protected":false},"author":20,"featured_media":481596,"comment_status":"closed","ping_status":"closed","sticky":false,"template":"","format":"standard","meta":[],"categories":[5,2198,3845],"tags":[70,1916],"_links":{"self":[{"href":"http:\/\/desarrollo.grupomedios.com\/futbol\/wp-json\/wp\/v2\/posts\/481594"}],"collection":[{"href":"http:\/\/desarrollo.grupomedios.com\/futbol\/wp-json\/wp\/v2\/posts"}],"about":[{"href":"http:\/\/desarrollo.grupomedios.com\/futbol\/wp-json\/wp\/v2\/types\/post"}],"author":[{"embeddable":true,"href":"http:\/\/desarrollo.grupomedios.com\/futbol\/wp-json\/wp\/v2\/users\/20"}],"replies":[{"embeddable":true,"href":"http:\/\/desarrollo.grupomedios.com\/futbol\/wp-json\/wp\/v2\/comments?post=481594"}],"version-history":[{"count":3,"href":"http:\/\/desarrollo.grupomedios.com\/futbol\/wp-json\/wp\/v2\/posts\/481594\/revisions"}],"predecessor-version":[{"id":481600,"href":"http:\/\/desarrollo.grupomedios.com\/futbol\/wp-json\/wp\/v2\/posts\/481594\/revisions\/481600"}],"wp:featuredmedia":[{"embeddable":true,"href":"http:\/\/desarrollo.grupomedios.com\/futbol\/wp-json\/wp\/v2\/media\/481596"}],"wp:attachment":[{"href":"http:\/\/desarrollo.grupomedios.com\/futbol\/wp-json\/wp\/v2\/media?parent=481594"}],"wp:term":[{"taxonomy":"category","embeddable":true,"href":"http:\/\/desarrollo.grupomedios.com\/futbol\/wp-json\/wp\/v2\/categories?post=481594"},{"taxonomy":"post_tag","embeddable":true,"href":"http:\/\/desarrollo.grupomedios.com\/futbol\/wp-json\/wp\/v2\/tags?post=481594"}],"curies":[{"name":"wp","href":"https:\/\/api.w.org\/{rel}","templated":true}]}}