{"id":481608,"date":"2017-06-01T08:57:01","date_gmt":"2017-06-01T13:57:01","guid":{"rendered":"https:\/\/www.futboltotal.com.mx\/?p=481608"},"modified":"2017-06-01T08:57:01","modified_gmt":"2017-06-01T13:57:01","slug":"futbol-total-italika-te-invitan-a-ver-la-champions-en-lugar-especial","status":"publish","type":"post","link":"http:\/\/desarrollo.grupomedios.com\/futbol\/promociones\/futbol-total-italika-te-invitan-a-ver-la-champions-en-lugar-especial\/2017\/06","title":{"rendered":"FT e ITALIKA te invitan a ver la CHAMPIONS en un lugar especial"},"content":{"rendered":"<p>\u00bfQu\u00e9 tal suena\u00a0ver la Final de la Champions League en un lugar especial, diferente, y con la narraci\u00f3n m\u00e1s irreverente? <strong>Futbol Total<\/strong> e <strong>ITALIKA<\/strong>\u00a0regalan <strong>5 pases dobles<\/strong>\u00a0para vivir esta experiencia en las instalaciones de <strong>TV Azteca<\/strong>.<\/p>\n<p>Disfruta la gran final del torneo europeo de clubes entre <strong>Juventus<\/strong> y <strong>Real Madrid<\/strong> en el <strong>Fut Azteca Fandome<\/strong>, un <strong>Domo Mapping 360\u00b0<\/strong> en el que podr\u00e1s presenciar la transmisi\u00f3n en vivo con la narraci\u00f3n hecha por el tridente <strong>Luis Garc\u00eda<\/strong>, <strong>Christian Martinoli<\/strong> y <strong>Jorge Campos.<\/strong><\/p>\n<p>Por si fuera poco,\u00a0habr\u00e1 comida y bebidas para que el ambiente de Champions sea perfecto, y al t\u00e9rmino del partido seguir\u00e1 la\u00a0fiesta con el festejo del campe\u00f3n.<\/p>\n<p>Lo \u00fanico que tienes que hacer es lo siguiente:<\/p>\n<p>\u2013 Debes seguir<em>\u00a0<\/em>en <strong>Twitter<\/strong>\u00a0a\u00a0<a href=\"https:\/\/twitter.com\/MXFutbolTotal\">@MXfutboltotal<\/a>\u00a0e <a href=\"https:\/\/twitter.com\/italikaoficial\" target=\"_blank\" rel=\"noopener noreferrer\"><span style=\"color: #333399;\">@ItalikaOficial<\/span><\/a>\u00a0y en <strong>Facebook<\/strong>\u00a0a\u00a0<a href=\"https:\/\/www.facebook.com\/futboltotalmexico\">Futbol Total<\/a>\u00a0e <a href=\"https:\/\/www.facebook.com\/ItalikaOficial\/\" target=\"_blank\" rel=\"noopener noreferrer\"><span style=\"color: #333399;\">Italika Oficial<\/span><\/a> (y tomar screenshots de cada uno para comprobarlo).<\/p>\n<p>\u2013 Despu\u00e9s, comparte\u00a0la publicaci\u00f3n en Twitter y Facebook (y toma screenshots de cada uno para comprobarlo).<\/p>\n<p>\u2013 Responde este par de preguntas:<\/p>\n<p>1.-\u00a0De acuerdo a <a href=\"https:\/\/italika.mx\/\" target=\"_blank\" rel=\"noopener noreferrer\"><span style=\"color: #333399;\">su p\u00e1gina web<\/span><\/a>, \u00bfcu\u00e1les son\u00a0todas las categor\u00edas de motocicletas que tiene ITALIKA?<\/p>\n<p>2.- \u00bfEn qu\u00e9 a\u00f1o Real Madrid y Juventus ya disputaron una final de la Champions League?<\/p>\n<p>\u2013 Manda tus screenshots y respuestas al correo\u00a0futboltotal@futboltotal.com.mx con asunto \u201c<strong>LA CHAMPIONS CON ITALIKA Y FT<\/strong>\u201d. El mensaje deber\u00e1 tener el\u00a0nombre completo del participante, edad, tel\u00e9fono de contacto y cumplir con todos los requisitos.<\/p>\n<p><strong><em>IMPORTANTE:<\/em><\/strong> Cada participante s\u00f3lo podr\u00e1 ganar 1 de los 5 pases dobles y \u00fanicamente se tomar\u00e1n en cuenta correos\u00a0recibidos hasta antes del jueves 1\u00a0de junio\u00a0a las 16:00 horas.<\/p>\n<p>El\u00a0<strong>equipo de Futbol Total<\/strong>\u00a0se comunicar\u00e1 con los 5 ganadores, quienes deber\u00e1n recoger sus pases dobles este viernes 2 de mayo en Av. Insurgentes Sur 3155 Piso 6, Col. Insurgentes Cuicuilco, Del. Coyoac\u00e1n, C.P. 04530, CDMX con\u00a0Guillermo Sandoval, en un horario de 10:00 a 14:00 horas y de 16:00 a 17:30 horas.<\/p>\n<p>Indispensable presentar original y copia de identificaci\u00f3n oficial.<\/p>\n<p>\u00a1Mucha suerte\u00a0<em>cracks<\/em>!<\/p>\n","protected":false},"excerpt":{"rendered":"<p>\u00bfQu\u00e9 tal suena ver la Final de la Champions con la narraci\u00f3n m\u00e1s irreverente?<\/p>\n","protected":false},"author":20,"featured_media":481616,"comment_status":"closed","ping_status":"closed","sticky":false,"template":"","format":"standard","meta":[],"categories":[3841,3839,60],"tags":[2909,3523,36,1752,8674,5999,5988,4665],"_links":{"self":[{"href":"http:\/\/desarrollo.grupomedios.com\/futbol\/wp-json\/wp\/v2\/posts\/481608"}],"collection":[{"href":"http:\/\/desarrollo.grupomedios.com\/futbol\/wp-json\/wp\/v2\/posts"}],"about":[{"href":"http:\/\/desarrollo.grupomedios.com\/futbol\/wp-json\/wp\/v2\/types\/post"}],"author":[{"embeddable":true,"href":"http:\/\/desarrollo.grupomedios.com\/futbol\/wp-json\/wp\/v2\/users\/20"}],"replies":[{"embeddable":true,"href":"http:\/\/desarrollo.grupomedios.com\/futbol\/wp-json\/wp\/v2\/comments?post=481608"}],"version-history":[{"count":3,"href":"http:\/\/desarrollo.grupomedios.com\/futbol\/wp-json\/wp\/v2\/posts\/481608\/revisions"}],"predecessor-version":[{"id":481615,"href":"http:\/\/desarrollo.grupomedios.com\/futbol\/wp-json\/wp\/v2\/posts\/481608\/revisions\/481615"}],"wp:featuredmedia":[{"embeddable":true,"href":"http:\/\/desarrollo.grupomedios.com\/futbol\/wp-json\/wp\/v2\/media\/481616"}],"wp:attachment":[{"href":"http:\/\/desarrollo.grupomedios.com\/futbol\/wp-json\/wp\/v2\/media?parent=481608"}],"wp:term":[{"taxonomy":"category","embeddable":true,"href":"http:\/\/desarrollo.grupomedios.com\/futbol\/wp-json\/wp\/v2\/categories?post=481608"},{"taxonomy":"post_tag","embeddable":true,"href":"http:\/\/desarrollo.grupomedios.com\/futbol\/wp-json\/wp\/v2\/tags?post=481608"}],"curies":[{"name":"wp","href":"https:\/\/api.w.org\/{rel}","templated":true}]}}