{"id":481623,"date":"2017-06-01T09:33:29","date_gmt":"2017-06-01T14:33:29","guid":{"rendered":"https:\/\/www.futboltotal.com.mx\/?p=481623"},"modified":"2017-06-01T09:33:29","modified_gmt":"2017-06-01T14:33:29","slug":"las-palmas-se-intersaria-en-guillermo-ochoa","status":"publish","type":"post","link":"http:\/\/desarrollo.grupomedios.com\/futbol\/destacado-home\/las-palmas-se-intersaria-en-guillermo-ochoa\/2017\/06","title":{"rendered":"Las Palmas se intersar\u00eda en Guillermo Ochoa"},"content":{"rendered":"<p>Luego de una mala temporada para el Granada, donde <strong>Guillermo Ochoa<\/strong> fue de lo mejor del equipo, el mexicano podr\u00eda continuar en la Liga de Espa\u00f1a pero tendr\u00eda su destino en el equipo de Las Palmas.<\/p>\n<p>Seg\u00fan informa el portal Marca Claro, Ochoa podr\u00eda ir a pr\u00e9stamo ya que el equipo de Las Palmas busca renovar su plantilla y armar una que pueda estar peleando por puestos europeos.<\/p>\n<p style=\"text-align: center;\"><span style=\"color: #3366ff;\"><a style=\"color: #3366ff;\" href=\"https:\/\/www.futboltotal.com.mx\/2017\/05\/jurgen-damm-el-nuevo-deseo-de-chivas\/\">VER M\u00c1S: Jurgen Damm, el nuevo deseo de Chivas!<\/a><\/span><\/p>\n<p>Paco Memo termin\u00f3 su pr\u00e9stamo con el Granada, pero su carta pertenece al M\u00e1laga y mientras busca equipo deber\u00e1 reportar con el club celeste cuando termine su actividad con el Tricolor.<\/p>\n<p>A pesar de ello, tambi\u00e9n se especula la llegada de<strong> Ochoa<\/strong> al Olympique de Marsella de la Ligue 1 y al Napoli de la Serie A, pues <span style=\"color: #3366ff;\"><a style=\"color: #3366ff;\" href=\"https:\/\/www.futboltotal.com.mx\/2017\/05\/rafa-benitez-quiere-al-portero-del-napoli-en-newcastle-opcion-ochoa\/\" target=\"_blank\" rel=\"noopener noreferrer\">buscar\u00eda sustituto tras la posible salida del espa\u00f1ol Pepe Reina<\/a><\/span>.<\/p>\n<p style=\"text-align: center;\"><span style=\"color: #3366ff;\"><a style=\"color: #3366ff;\" href=\"https:\/\/www.futboltotal.com.mx\/2017\/06\/resultado-mexico-1-0-senegal-mundial-sub-20-cronica\/\">VER M\u00c1S: El Tri Sub 20 sufri\u00f3 con Senegal, pero est\u00e1 en cuartos del Mundial<\/a><\/span><\/p>\n","protected":false},"excerpt":{"rendered":"<p>El mexicano podr\u00eda ir a pr\u00e9stamo otra vez.<\/p>\n","protected":false},"author":20,"featured_media":481625,"comment_status":"closed","ping_status":"closed","sticky":false,"template":"","format":"standard","meta":[],"categories":[5,3839,3844],"tags":[700,5991,4465],"_links":{"self":[{"href":"http:\/\/desarrollo.grupomedios.com\/futbol\/wp-json\/wp\/v2\/posts\/481623"}],"collection":[{"href":"http:\/\/desarrollo.grupomedios.com\/futbol\/wp-json\/wp\/v2\/posts"}],"about":[{"href":"http:\/\/desarrollo.grupomedios.com\/futbol\/wp-json\/wp\/v2\/types\/post"}],"author":[{"embeddable":true,"href":"http:\/\/desarrollo.grupomedios.com\/futbol\/wp-json\/wp\/v2\/users\/20"}],"replies":[{"embeddable":true,"href":"http:\/\/desarrollo.grupomedios.com\/futbol\/wp-json\/wp\/v2\/comments?post=481623"}],"version-history":[{"count":1,"href":"http:\/\/desarrollo.grupomedios.com\/futbol\/wp-json\/wp\/v2\/posts\/481623\/revisions"}],"predecessor-version":[{"id":481626,"href":"http:\/\/desarrollo.grupomedios.com\/futbol\/wp-json\/wp\/v2\/posts\/481623\/revisions\/481626"}],"wp:featuredmedia":[{"embeddable":true,"href":"http:\/\/desarrollo.grupomedios.com\/futbol\/wp-json\/wp\/v2\/media\/481625"}],"wp:attachment":[{"href":"http:\/\/desarrollo.grupomedios.com\/futbol\/wp-json\/wp\/v2\/media?parent=481623"}],"wp:term":[{"taxonomy":"category","embeddable":true,"href":"http:\/\/desarrollo.grupomedios.com\/futbol\/wp-json\/wp\/v2\/categories?post=481623"},{"taxonomy":"post_tag","embeddable":true,"href":"http:\/\/desarrollo.grupomedios.com\/futbol\/wp-json\/wp\/v2\/tags?post=481623"}],"curies":[{"name":"wp","href":"https:\/\/api.w.org\/{rel}","templated":true}]}}