{"id":481629,"date":"2017-06-01T10:36:34","date_gmt":"2017-06-01T15:36:34","guid":{"rendered":"https:\/\/www.futboltotal.com.mx\/?p=481629"},"modified":"2017-06-01T10:36:34","modified_gmt":"2017-06-01T15:36:34","slug":"carlos-vela-revelo-en-equipo-jugaria-en-mexico","status":"publish","type":"post","link":"http:\/\/desarrollo.grupomedios.com\/futbol\/futbol-mexicano\/carlos-vela-revelo-en-equipo-jugaria-en-mexico\/2017\/06","title":{"rendered":"Carlos Vela revel\u00f3 en qu\u00e9 equipo jugar\u00eda en M\u00e9xico"},"content":{"rendered":"<p>A pesar de que hace unos d\u00edas se conoci\u00f3 que <strong>Carlos Vela<\/strong> quiere mantenerse en el futbol europeo, el mexicano se ha ofrecido para el equipo que dirige su hermano Enrique, quien fue presentado como nuevo entrenador de Pioneros FC de Canc\u00fan, quienes militan en la segunda divisi\u00f3n del futbol mexicano.<\/p>\n<blockquote class=\"twitter-tweet\" data-width=\"500\">\n<p lang=\"es\" dir=\"ltr\">Nuestro Director T\u00e9cnico para el <a href=\"https:\/\/twitter.com\/hashtag\/Apertura2017?src=hash\">#Apertura2017<\/a> ser\u00e1 <a href=\"https:\/\/twitter.com\/enriquevg10\">@enriquevg10<\/a> que recibe la oportunidad tras su gran temporada con los <a href=\"https:\/\/twitter.com\/hashtag\/PionerosJr?src=hash\">#PionerosJr<\/a> <a href=\"https:\/\/t.co\/GWf62ncKZG\">pic.twitter.com\/GWf62ncKZG<\/a><\/p>\n<p>&mdash; Club Pioneros Canc\u00fan (@PionerosFC) <a href=\"https:\/\/twitter.com\/PionerosFC\/status\/869241144739328000\">May 29, 2017<\/a><\/p><\/blockquote>\n<p><script async src=\"\/\/platform.twitter.com\/widgets.js\" charset=\"utf-8\"><\/script><\/p>\n<p style=\"text-align: center;\"><span style=\"color: #3366ff;\"><a style=\"color: #3366ff;\" href=\"https:\/\/www.futboltotal.com.mx\/2017\/06\/las-palmas-se-intersaria-en-guillermo-ochoa\/\">VER M\u00c1S: Las Palmas se intersar\u00eda en Guillermo Ochoa<\/a><\/span><\/p>\n<p>Ante la llegada de su hermano al club de su ciudad natal, el delantero mexicano le dese\u00f3 \u00e9xito y aprovech\u00f3 para pedirle que lo fichara a trav\u00e9s de su cuenta de Twitter.<\/p>\n<p>&#8220;Felicidades bro @enriquevg10 , mucho exito en este nuevo reto @PionerosFC ( fichame &#x1f61c; ) &#8220;, escribi\u00f3 <strong>Vela<\/strong> en un mensaje a trav\u00e9s de la red social.<\/p>\n<p>https:\/\/twitter.com\/11carlosV\/status\/869738163882704897<\/p>\n<p style=\"text-align: center;\"><span style=\"color: #3366ff;\"><a style=\"color: #3366ff;\" href=\"https:\/\/www.futboltotal.com.mx\/2017\/05\/jurgen-damm-el-nuevo-deseo-de-chivas\/\">VER M\u00c1S: \u00a1Jurgen Damm, el nuevo deseo de Chivas!<\/a><\/span><\/p>\n","protected":false},"excerpt":{"rendered":"<p>El mexicano brome\u00f3 con su hermano y pidi\u00f3 su fichaje.<\/p>\n","protected":false},"author":20,"featured_media":451630,"comment_status":"closed","ping_status":"closed","sticky":false,"template":"","format":"standard","meta":[],"categories":[2198,3845],"tags":[6048,64],"_links":{"self":[{"href":"http:\/\/desarrollo.grupomedios.com\/futbol\/wp-json\/wp\/v2\/posts\/481629"}],"collection":[{"href":"http:\/\/desarrollo.grupomedios.com\/futbol\/wp-json\/wp\/v2\/posts"}],"about":[{"href":"http:\/\/desarrollo.grupomedios.com\/futbol\/wp-json\/wp\/v2\/types\/post"}],"author":[{"embeddable":true,"href":"http:\/\/desarrollo.grupomedios.com\/futbol\/wp-json\/wp\/v2\/users\/20"}],"replies":[{"embeddable":true,"href":"http:\/\/desarrollo.grupomedios.com\/futbol\/wp-json\/wp\/v2\/comments?post=481629"}],"version-history":[{"count":1,"href":"http:\/\/desarrollo.grupomedios.com\/futbol\/wp-json\/wp\/v2\/posts\/481629\/revisions"}],"predecessor-version":[{"id":481630,"href":"http:\/\/desarrollo.grupomedios.com\/futbol\/wp-json\/wp\/v2\/posts\/481629\/revisions\/481630"}],"wp:featuredmedia":[{"embeddable":true,"href":"http:\/\/desarrollo.grupomedios.com\/futbol\/wp-json\/wp\/v2\/media\/451630"}],"wp:attachment":[{"href":"http:\/\/desarrollo.grupomedios.com\/futbol\/wp-json\/wp\/v2\/media?parent=481629"}],"wp:term":[{"taxonomy":"category","embeddable":true,"href":"http:\/\/desarrollo.grupomedios.com\/futbol\/wp-json\/wp\/v2\/categories?post=481629"},{"taxonomy":"post_tag","embeddable":true,"href":"http:\/\/desarrollo.grupomedios.com\/futbol\/wp-json\/wp\/v2\/tags?post=481629"}],"curies":[{"name":"wp","href":"https:\/\/api.w.org\/{rel}","templated":true}]}}