{"id":481641,"date":"2017-06-01T12:42:12","date_gmt":"2017-06-01T17:42:12","guid":{"rendered":"https:\/\/www.futboltotal.com.mx\/?p=481641"},"modified":"2017-06-01T12:42:12","modified_gmt":"2017-06-01T17:42:12","slug":"miguel-layun-podria-regresar-a-la-premier-league","status":"publish","type":"post","link":"http:\/\/desarrollo.grupomedios.com\/futbol\/destacado-home\/miguel-layun-podria-regresar-a-la-premier-league\/2017\/06","title":{"rendered":"Miguel Lay\u00fan podr\u00eda regresar a la Premier League"},"content":{"rendered":"<p>El futuro de <strong>Miguel Lay\u00fan<\/strong> parece que no estar\u00e1 en Portugal y el lateral mexicano podr\u00eda salir del Porto para regresar a la <strong>Premier League<\/strong> de Inglaterra a partir de la pr\u00f3xima temporada.<\/p>\n<p>La mala relaci\u00f3n que tuvo <strong>Lay\u00fan<\/strong> con Nuno Espirito Santo lo fue alejando de la titularidad y poco a poco fue perdiendo minutos, por lo que fue relegado a la banca y hasta qued\u00f3 fuera de las convocatorias de los <em>Dragones<\/em>.<\/p>\n<p style=\"text-align: center;\"><span style=\"color: #3366ff;\"><a style=\"color: #3366ff;\" href=\"https:\/\/www.futboltotal.com.mx\/2017\/06\/lucia-villalon-adrmitio-casarse-chicharito-hubiera-sido-error\/\">VER M\u00c1S: Luc\u00eda Villal\u00f3n adrmiti\u00f3 que casarse con Chicharito hubiera sido un error<\/a><\/span><\/p>\n<p>Es por ello que ahora suena que el mexicano podr\u00eda volver a la <strong>Premier League<\/strong> y el reci\u00e9n ascendido <strong>Newcastle<\/strong> del espa\u00f1ol Rafa Ben\u00edtez estar\u00eda interesado en hacerse de los servicios del ex americanista.<\/p>\n<p>Seg\u00fan informa el portal ingl\u00e9s <em>Futnsoccer ,\u00a0<\/em><strong>Lay\u00fan<\/strong> es de los principales candidatos para reforzar a las <em>Hurracas ,\u00a0<\/em>reci\u00e9n consiguieron volver a la m\u00e1xima categor\u00eda del futbol ingl\u00e9s.<\/p>\n<p>As\u00ed el mexicano tendr\u00e1 m\u00e1s opciones para analizar su futuro, pues tiene opci\u00f3n volver a dos pa\u00edses que ya conoce, a <span style=\"color: #3366ff;\"><a style=\"color: #3366ff;\" href=\"https:\/\/www.futboltotal.com.mx\/2017\/05\/en-europa-insisten-en-miguel-layun-llegaria-inter-milan\/\" target=\"_blank\" rel=\"noopener noreferrer\">Italia con el Inter de Mil\u00e1n<\/a><\/span> o a Inglaterra donde jug\u00f3 con el Watford.<\/p>\n<p style=\"text-align: center;\"><span style=\"color: #3366ff;\"><a style=\"color: #3366ff;\" href=\"https:\/\/www.futboltotal.com.mx\/2017\/06\/las-palmas-se-intersaria-en-guillermo-ochoa\/\">VER M\u00c1S: Las Palmas se intersar\u00eda en Guillermo Ochoa<\/a><\/span><\/p>\n<p>\u00bfCreen que <strong>Miguel Lay\u00fan<\/strong> vuelva a la Premier League, cracks?<\/p>\n","protected":false},"excerpt":{"rendered":"<p>El Newcastle buscar\u00eda los servicios del mexicano.<\/p>\n","protected":false},"author":20,"featured_media":480477,"comment_status":"closed","ping_status":"closed","sticky":false,"template":"","format":"standard","meta":[],"categories":[5,7740,3839,2198],"tags":[1035],"_links":{"self":[{"href":"http:\/\/desarrollo.grupomedios.com\/futbol\/wp-json\/wp\/v2\/posts\/481641"}],"collection":[{"href":"http:\/\/desarrollo.grupomedios.com\/futbol\/wp-json\/wp\/v2\/posts"}],"about":[{"href":"http:\/\/desarrollo.grupomedios.com\/futbol\/wp-json\/wp\/v2\/types\/post"}],"author":[{"embeddable":true,"href":"http:\/\/desarrollo.grupomedios.com\/futbol\/wp-json\/wp\/v2\/users\/20"}],"replies":[{"embeddable":true,"href":"http:\/\/desarrollo.grupomedios.com\/futbol\/wp-json\/wp\/v2\/comments?post=481641"}],"version-history":[{"count":1,"href":"http:\/\/desarrollo.grupomedios.com\/futbol\/wp-json\/wp\/v2\/posts\/481641\/revisions"}],"predecessor-version":[{"id":481643,"href":"http:\/\/desarrollo.grupomedios.com\/futbol\/wp-json\/wp\/v2\/posts\/481641\/revisions\/481643"}],"wp:featuredmedia":[{"embeddable":true,"href":"http:\/\/desarrollo.grupomedios.com\/futbol\/wp-json\/wp\/v2\/media\/480477"}],"wp:attachment":[{"href":"http:\/\/desarrollo.grupomedios.com\/futbol\/wp-json\/wp\/v2\/media?parent=481641"}],"wp:term":[{"taxonomy":"category","embeddable":true,"href":"http:\/\/desarrollo.grupomedios.com\/futbol\/wp-json\/wp\/v2\/categories?post=481641"},{"taxonomy":"post_tag","embeddable":true,"href":"http:\/\/desarrollo.grupomedios.com\/futbol\/wp-json\/wp\/v2\/tags?post=481641"}],"curies":[{"name":"wp","href":"https:\/\/api.w.org\/{rel}","templated":true}]}}