{"id":481648,"date":"2017-06-01T13:48:25","date_gmt":"2017-06-01T18:48:25","guid":{"rendered":"https:\/\/www.futboltotal.com.mx\/?p=481648"},"modified":"2017-06-01T13:48:25","modified_gmt":"2017-06-01T18:48:25","slug":"marion-reimers-analiza-la-final-juventus-real-madrid","status":"publish","type":"post","link":"http:\/\/desarrollo.grupomedios.com\/futbol\/futbol-internacional\/marion-reimers-analiza-la-final-juventus-real-madrid\/2017\/06","title":{"rendered":"Marion Reimers analiza la final Juventus-Real Madrid"},"content":{"rendered":"<p>El s\u00e1bado tendremos la final de la <strong><em>Champions League<\/em><\/strong> entre Juventus y Real Madrid. Si consideramos la \u00faltima final del torneo que cada uno jug\u00f3, el equipo que m\u00e1s ha cambiado en cuanto a nombres es la <em>Juve<\/em>: se fueron Vidal, Tevez, Pirlo\u2026<\/p>\n<p>Massimiliano Allegri ha gestionado muy bien los cambios; am\u00e9n de individualidades como Dybala o Higua\u00edn, hoy son un equipo m\u00e1s compacto, m\u00e1s completo, m\u00e1s vertical.<\/p>\n<p><a href=\"https:\/\/www.futboltotal.com.mx\/wp-content\/uploads\/2017\/04\/dani-alves-otro-companero-de-gerardo-torrado.jpg\"><img decoding=\"async\" loading=\"lazy\" class=\"alignnone size-full wp-image-475030\" src=\"https:\/\/www.futboltotal.com.mx\/wp-content\/uploads\/2017\/04\/dani-alves-otro-companero-de-gerardo-torrado.jpg\" alt=\"Dani Alves\" srcset=\"http:\/\/desarrollo.grupomedios.com\/futbol\/wp-content\/uploads\/2017\/04\/dani-alves-otro-companero-de-gerardo-torrado.jpg 1136w, http:\/\/desarrollo.grupomedios.com\/futbol\/wp-content\/uploads\/2017\/04\/dani-alves-otro-companero-de-gerardo-torrado-300x169.jpg 300w, http:\/\/desarrollo.grupomedios.com\/futbol\/wp-content\/uploads\/2017\/04\/dani-alves-otro-companero-de-gerardo-torrado-768x432.jpg 768w, http:\/\/desarrollo.grupomedios.com\/futbol\/wp-content\/uploads\/2017\/04\/dani-alves-otro-companero-de-gerardo-torrado-1024x576.jpg 1024w, http:\/\/desarrollo.grupomedios.com\/futbol\/wp-content\/uploads\/2017\/04\/dani-alves-otro-companero-de-gerardo-torrado-317x178.jpg 317w, http:\/\/desarrollo.grupomedios.com\/futbol\/wp-content\/uploads\/2017\/04\/dani-alves-otro-companero-de-gerardo-torrado-535x301.jpg 535w, http:\/\/desarrollo.grupomedios.com\/futbol\/wp-content\/uploads\/2017\/04\/dani-alves-otro-companero-de-gerardo-torrado-374x210.jpg 374w\" sizes=\"(max-width: 1136px) 100vw, 1136px\" \/><\/a><\/p>\n<p>Me llama la atenci\u00f3n la llegada de Dani Alves; Allegri ha dicho que adapt\u00f3 al equipo para que Alves luzca y pueda correr todo lo que necesita por su banda; es como un caballo pura sangre acostumbrado a correr, a ser libre, no lo puedes tener guardado en el establo. Si \u00e9l muestra su mejor forma el s\u00e1bado, puede ser diferenciador. Y considerando que enfrente estar\u00e1 Marcelo, habr\u00eda que tener dos c\u00e1maras especiales que sigan a ambos en esa batalla por el callej\u00f3n; indudablemente, el s\u00e1bado, en el duelo final por la <strong>Champions<\/strong>, chocar\u00e1n\u00a0los dos mejores laterales del mundo.<\/p>\n<p>La Juve se defiende muy bien; es un poco parecida al Atl\u00e9tico de Madrid pero la <em>Vecchia Signora<\/em> es m\u00e1s peligrosa. Es m\u00e1s s\u00f3lida en defensa que en 2015, tambi\u00e9n gracias a que tiene un mediocampo que recupera muy bien; en cuartos, contra Barcelona, hab\u00eda hasta seis tipos atr\u00e1s, pero con un gran fondo f\u00edsico para desplegarse al frente muy r\u00e1pido y trasladar la pelota con muy pocos toques.<\/p>\n<blockquote class=\"twitter-tweet\" data-lang=\"es\">\n<p dir=\"ltr\" lang=\"es\"><a href=\"https:\/\/twitter.com\/hashtag\/ChampionsxFOX?src=hash\">#ChampionsxFOX<\/a> Ya estamos en el Cardiff City Stadium para la final de la <a href=\"https:\/\/twitter.com\/UWCL\">@UWCL<\/a> Hoy les tendremos todo el reporte. <a href=\"https:\/\/t.co\/CzmGMULt7L\">pic.twitter.com\/CzmGMULt7L<\/a><\/p>\n<p>\u2014 Marion Reimers (@LaReimers) <a href=\"https:\/\/twitter.com\/LaReimers\/status\/870329963446231040\">1 de junio de 2017<\/a><\/p><\/blockquote>\n<p><script async src=\"\/\/platform.twitter.com\/widgets.js\" charset=\"utf-8\"><\/script><\/p>\n<p>Y en cuanto al Real Madrid, su plantel es muy largo: puede tener un equipo A y otro B tambi\u00e9n muy peligroso. De Zidane destaco la forma en que acopl\u00f3 los egos y c\u00f3mo administr\u00f3 su banca. Ha usado a Cristiano en una posici\u00f3n m\u00e1s como centrodelantero, donde se tiene que sacrificar menos y es igual de peligroso; en la temporada hubo partidos en los que no lo convoc\u00f3 y eso ha llevado a que est\u00e9 en una forma f\u00edsica ideal.<\/p>\n<p><a href=\"https:\/\/www.futboltotal.com.mx\/wp-content\/uploads\/2017\/04\/cristiano-presume-golazo-de-su-hijo.jpg\"><img decoding=\"async\" loading=\"lazy\" class=\"alignnone size-full wp-image-475315\" src=\"https:\/\/www.futboltotal.com.mx\/wp-content\/uploads\/2017\/04\/cristiano-presume-golazo-de-su-hijo.jpg\" alt=\"Cristiano Ronaldo\" srcset=\"http:\/\/desarrollo.grupomedios.com\/futbol\/wp-content\/uploads\/2017\/04\/cristiano-presume-golazo-de-su-hijo.jpg 1136w, http:\/\/desarrollo.grupomedios.com\/futbol\/wp-content\/uploads\/2017\/04\/cristiano-presume-golazo-de-su-hijo-300x169.jpg 300w, http:\/\/desarrollo.grupomedios.com\/futbol\/wp-content\/uploads\/2017\/04\/cristiano-presume-golazo-de-su-hijo-768x432.jpg 768w, http:\/\/desarrollo.grupomedios.com\/futbol\/wp-content\/uploads\/2017\/04\/cristiano-presume-golazo-de-su-hijo-1024x576.jpg 1024w, http:\/\/desarrollo.grupomedios.com\/futbol\/wp-content\/uploads\/2017\/04\/cristiano-presume-golazo-de-su-hijo-317x178.jpg 317w, http:\/\/desarrollo.grupomedios.com\/futbol\/wp-content\/uploads\/2017\/04\/cristiano-presume-golazo-de-su-hijo-535x301.jpg 535w, http:\/\/desarrollo.grupomedios.com\/futbol\/wp-content\/uploads\/2017\/04\/cristiano-presume-golazo-de-su-hijo-374x210.jpg 374w\" sizes=\"(max-width: 1136px) 100vw, 1136px\" \/><\/a><\/p>\n<p>Adem\u00e1s, el Madrid tiene a un tipo que arma muy bien el juego, como Modric, adem\u00e1s de lo que puedan aportar al sumarse al frente Marcelo y Sergio Ramos. Por \u00faltimo, recordemos que con Zidane explot\u00f3 Isco; la gran duda del fin de semana: \u00bfIsco o Bale? Creo que deber\u00eda poner a Isco, pero el hecho de que se juegue en Gales, ser\u00e1 una carta fuerte para Bale.<\/p>\n<p>Recuerden: la Final de la Champions se vive a trav\u00e9s de FOX con las voces de Tapia, Balado, Bizcayart y Pavel Pardo, invitado especial.<\/p>\n","protected":false},"excerpt":{"rendered":"<p>Marion analiz\u00f3 a la Vecchia Signora y a los Merengues previo al duelo por la Orejona.<\/p>\n","protected":false},"author":20,"featured_media":451387,"comment_status":"closed","ping_status":"closed","sticky":false,"template":"","format":"standard","meta":[],"categories":[3841,3839,5951],"tags":[36,5999,5988],"_links":{"self":[{"href":"http:\/\/desarrollo.grupomedios.com\/futbol\/wp-json\/wp\/v2\/posts\/481648"}],"collection":[{"href":"http:\/\/desarrollo.grupomedios.com\/futbol\/wp-json\/wp\/v2\/posts"}],"about":[{"href":"http:\/\/desarrollo.grupomedios.com\/futbol\/wp-json\/wp\/v2\/types\/post"}],"author":[{"embeddable":true,"href":"http:\/\/desarrollo.grupomedios.com\/futbol\/wp-json\/wp\/v2\/users\/20"}],"replies":[{"embeddable":true,"href":"http:\/\/desarrollo.grupomedios.com\/futbol\/wp-json\/wp\/v2\/comments?post=481648"}],"version-history":[{"count":1,"href":"http:\/\/desarrollo.grupomedios.com\/futbol\/wp-json\/wp\/v2\/posts\/481648\/revisions"}],"predecessor-version":[{"id":481653,"href":"http:\/\/desarrollo.grupomedios.com\/futbol\/wp-json\/wp\/v2\/posts\/481648\/revisions\/481653"}],"wp:featuredmedia":[{"embeddable":true,"href":"http:\/\/desarrollo.grupomedios.com\/futbol\/wp-json\/wp\/v2\/media\/451387"}],"wp:attachment":[{"href":"http:\/\/desarrollo.grupomedios.com\/futbol\/wp-json\/wp\/v2\/media?parent=481648"}],"wp:term":[{"taxonomy":"category","embeddable":true,"href":"http:\/\/desarrollo.grupomedios.com\/futbol\/wp-json\/wp\/v2\/categories?post=481648"},{"taxonomy":"post_tag","embeddable":true,"href":"http:\/\/desarrollo.grupomedios.com\/futbol\/wp-json\/wp\/v2\/tags?post=481648"}],"curies":[{"name":"wp","href":"https:\/\/api.w.org\/{rel}","templated":true}]}}