{"id":481702,"date":"2017-06-01T17:44:54","date_gmt":"2017-06-01T22:44:54","guid":{"rendered":"https:\/\/www.futboltotal.com.mx\/?p=481702"},"modified":"2017-06-01T17:44:54","modified_gmt":"2017-06-01T22:44:54","slug":"atletico-san-luis-confirma-nuevo-escudo","status":"publish","type":"post","link":"http:\/\/desarrollo.grupomedios.com\/futbol\/videos\/atletico-san-luis-confirma-nuevo-escudo\/2017\/06","title":{"rendered":"\u00a1Atl\u00e9tico de San Luis confirma nuevo escudo!"},"content":{"rendered":"<p>A trav\u00e9s de su cuenta de Twitter, <strong>Atl\u00e9tico de San Luis<\/strong> confirm\u00f3 que el escudo que se hab\u00eda filtrado en redes sociales, es, en efecto, el que los identifica como nuevo club del futbol mexicano, que participar\u00e1 en el Ascenso MX.<\/p>\n<p style=\"text-align: center;\"><span style=\"color: #3366ff;\"><a style=\"color: #3366ff;\" href=\"https:\/\/www.futboltotal.com.mx\/2017\/06\/atlas-cambia-horario-local\/\" target=\"_blank\" rel=\"noopener noreferrer\"><strong>VER M\u00c1S: Atlas cambia de horario para el Apertura 2017<\/strong><\/a><\/span><\/p>\n<blockquote class=\"twitter-video\" data-lang=\"es\">\n<p dir=\"ltr\" lang=\"es\">Una nueva historia comienza. El futbol regresa a San Luis Potos\u00ed <a href=\"https:\/\/twitter.com\/hashtag\/JuntosParaCrecer?src=hash\">#JuntosParaCrecer<\/a> <a href=\"https:\/\/t.co\/aOx7cMS4PY\">pic.twitter.com\/aOx7cMS4PY<\/a><\/p>\n<p>\u2014 Atl\u00e9tico de San Luis (@AtletideSanLuis) <a href=\"https:\/\/twitter.com\/AtletideSanLuis\/status\/870365055371558912\">1 de junio de 2017<\/a><\/p><\/blockquote>\n<p><script async src=\"\/\/platform.twitter.com\/widgets.js\" charset=\"utf-8\"><\/script><\/p>\n<p style=\"text-align: center;\"><span style=\"color: #3366ff;\"><a style=\"color: #3366ff;\" href=\"https:\/\/www.futboltotal.com.mx\/2017\/06\/esteban-pavez-chileno-en-la-mira-del-necaxa\/\" target=\"_blank\" rel=\"noopener noreferrer\"><strong>VER M\u00c1S: Necaxa y Pumas pelean por jugador chileno<\/strong><\/a><\/span><\/p>\n<blockquote class=\"twitter-tweet\" data-lang=\"es\">\n<p dir=\"ltr\" lang=\"es\">No es que no te quiera volver a ver\u2026 \u00a1Es que quiero verte volver!<br \/>\n<a href=\"https:\/\/twitter.com\/hashtag\/JuntosParaCrecer?src=hash\">#JuntosParaCrecer<\/a> <a href=\"https:\/\/twitter.com\/hashtag\/DaleSanLuis?src=hash\">#DaleSanLuis<\/a> <a href=\"https:\/\/t.co\/E2DlC58sRf\">pic.twitter.com\/E2DlC58sRf<\/a><\/p>\n<p>\u2014 Atl\u00e9tico de San Luis (@AtletideSanLuis) <a href=\"https:\/\/twitter.com\/AtletideSanLuis\/status\/870408576778477568\">1 de junio de 2017<\/a><\/p><\/blockquote>\n<p><script async src=\"\/\/platform.twitter.com\/widgets.js\" charset=\"utf-8\"><\/script><\/p>\n<p style=\"text-align: center;\"><span style=\"color: #3366ff;\"><a style=\"color: #3366ff;\" href=\"https:\/\/www.futboltotal.com.mx\/2017\/06\/la-conversacion-en-whatsapp-por-el-cumpleanos-del-chicharito\/\" target=\"_blank\" rel=\"noopener noreferrer\"><strong>VER M\u00c1S: La conversaci\u00f3n de Whatsapp por el cumplea\u00f1os de Chicharito<\/strong><\/a><\/span><\/p>\n<p>S\u00edguenos en Twitter: <a href=\"https:\/\/twitter.com\/MXFutbolTotal\" target=\"_blank\" rel=\"noopener noreferrer\">@MXFutbolTotal<\/a><\/p>\n","protected":false},"excerpt":{"rendered":"<p>El cuadro colchonero potosino da a conocer el logo que portar\u00e1n.<\/p>\n","protected":false},"author":20,"featured_media":481703,"comment_status":"closed","ping_status":"closed","sticky":false,"template":"","format":"standard","meta":[],"categories":[3843,2198,4,6433],"tags":[432,5971],"_links":{"self":[{"href":"http:\/\/desarrollo.grupomedios.com\/futbol\/wp-json\/wp\/v2\/posts\/481702"}],"collection":[{"href":"http:\/\/desarrollo.grupomedios.com\/futbol\/wp-json\/wp\/v2\/posts"}],"about":[{"href":"http:\/\/desarrollo.grupomedios.com\/futbol\/wp-json\/wp\/v2\/types\/post"}],"author":[{"embeddable":true,"href":"http:\/\/desarrollo.grupomedios.com\/futbol\/wp-json\/wp\/v2\/users\/20"}],"replies":[{"embeddable":true,"href":"http:\/\/desarrollo.grupomedios.com\/futbol\/wp-json\/wp\/v2\/comments?post=481702"}],"version-history":[{"count":1,"href":"http:\/\/desarrollo.grupomedios.com\/futbol\/wp-json\/wp\/v2\/posts\/481702\/revisions"}],"predecessor-version":[{"id":481704,"href":"http:\/\/desarrollo.grupomedios.com\/futbol\/wp-json\/wp\/v2\/posts\/481702\/revisions\/481704"}],"wp:featuredmedia":[{"embeddable":true,"href":"http:\/\/desarrollo.grupomedios.com\/futbol\/wp-json\/wp\/v2\/media\/481703"}],"wp:attachment":[{"href":"http:\/\/desarrollo.grupomedios.com\/futbol\/wp-json\/wp\/v2\/media?parent=481702"}],"wp:term":[{"taxonomy":"category","embeddable":true,"href":"http:\/\/desarrollo.grupomedios.com\/futbol\/wp-json\/wp\/v2\/categories?post=481702"},{"taxonomy":"post_tag","embeddable":true,"href":"http:\/\/desarrollo.grupomedios.com\/futbol\/wp-json\/wp\/v2\/tags?post=481702"}],"curies":[{"name":"wp","href":"https:\/\/api.w.org\/{rel}","templated":true}]}}