{"id":481715,"date":"2017-06-01T18:54:45","date_gmt":"2017-06-01T23:54:45","guid":{"rendered":"https:\/\/www.futboltotal.com.mx\/?p=481715"},"modified":"2017-06-01T18:54:45","modified_gmt":"2017-06-01T23:54:45","slug":"moises-munoz-nuevo-portero-puebla","status":"publish","type":"post","link":"http:\/\/desarrollo.grupomedios.com\/futbol\/futbol-mexicano\/moises-munoz-nuevo-portero-puebla\/2017\/06","title":{"rendered":"\u00a1Mois\u00e9s Mu\u00f1oz ser\u00eda nuevo portero de Puebla!"},"content":{"rendered":"<p>El portero mexicano, <strong>Mois\u00e9s Mu\u00f1oz<\/strong>, seguir\u00eda prestando servicios a la familia Chargoy, pues todo apunta a que ser\u00e1 el nuevo portero de <strong>Puebla<\/strong>, donde buscar\u00eda estar solo por un periodo breve, pues su ambici\u00f3n es retirarse con Am\u00e9rica.<\/p>\n<p>De acuerdo a diversos medios nacionales, <strong>Mois\u00e9s Mu\u00f1oz<\/strong> est\u00e1 a nada de ser anunciado como el nuevo portero del <strong>Puebla<\/strong>, debido a que Christian Campestrini termina su contrato y ya no es del inter\u00e9s de la escuadra camotera.<\/p>\n<p style=\"text-align: center;\"><span style=\"color: #3366ff;\"><a style=\"color: #3366ff;\" href=\"https:\/\/www.futboltotal.com.mx\/2017\/06\/atlas-cambia-horario-local\/\" target=\"_blank\" rel=\"noopener noreferrer\"><strong>VER M\u00c1S: Atlas cambia de horario de local para Apertura 2017<\/strong><\/a><\/span><\/p>\n<p><strong>Mois\u00e9s Mu\u00f1oz<\/strong> entonces, seguir\u00eda trabajando para la familia Chargoy, luego de que militara en Chiapas; aunque, cabe destacar, que tanto el Jaguar como Puebla, podr\u00edan ser vendidos antes del inicio del Apertura 2017.<\/p>\n<p style=\"text-align: center;\"><span style=\"color: #3366ff;\"><a style=\"color: #3366ff;\" href=\"https:\/\/www.futboltotal.com.mx\/2017\/06\/adolfo-bautista-anuncio-retiro-del-futbol\/\" target=\"_blank\" rel=\"noopener noreferrer\"><strong>VER M\u00c1S: Adolfo Bautista se retira de las canchas<\/strong><\/a><\/span><\/p>\n<blockquote class=\"twitter-tweet\" data-lang=\"es\">\n<p dir=\"ltr\" lang=\"es\">[<a href=\"https:\/\/twitter.com\/hashtag\/ALERTA?src=hash\">#ALERTA<\/a>]&#x1f6a8;<br \/>\nMois\u00e9s Mu\u00f1oz se pondra la del <a href=\"https:\/\/twitter.com\/ClubPueblaMX\">@ClubPueblaMX<\/a> el experimentado arquero Mexicano, firmar\u00e1 por 1 a\u00f1o con la <a href=\"https:\/\/twitter.com\/hashtag\/Franja?src=hash\">#Franja<\/a> de <a href=\"https:\/\/twitter.com\/hashtag\/Puebla?src=hash\">#Puebla<\/a>!!&#x1f51d;&#x1f609;&#x1f455;\u26bd&#x1f447; <a href=\"https:\/\/t.co\/qP9klmIBKM\">pic.twitter.com\/qP9klmIBKM<\/a><\/p>\n<p>\u2014 \u00aeRumores y fichajes (@Fichajesfutmex) <a href=\"https:\/\/twitter.com\/Fichajesfutmex\/status\/870391216000466944\">1 de junio de 2017<\/a><\/p><\/blockquote>\n<p><script async src=\"\/\/platform.twitter.com\/widgets.js\" charset=\"utf-8\"><\/script><\/p>\n<p style=\"text-align: center;\"><span style=\"color: #3366ff;\"><a style=\"color: #3366ff;\" href=\"https:\/\/www.futboltotal.com.mx\/2017\/06\/que-ocurrio-con-los-campeones-de-chivas-de-1997\/\" target=\"_blank\" rel=\"noopener noreferrer\"><strong>VER M\u00c1S: \u00bfQu\u00e9 fue de los campeones de Chivas de 1997?<\/strong><\/a><\/span><\/p>\n","protected":false},"excerpt":{"rendered":"<p>Afirman que el cancerbero continuar\u00e1 en servicio de la familia Chargoy.<\/p>\n","protected":false},"author":20,"featured_media":481716,"comment_status":"closed","ping_status":"closed","sticky":false,"template":"","format":"standard","meta":[],"categories":[2198,3845],"tags":[635,5969],"_links":{"self":[{"href":"http:\/\/desarrollo.grupomedios.com\/futbol\/wp-json\/wp\/v2\/posts\/481715"}],"collection":[{"href":"http:\/\/desarrollo.grupomedios.com\/futbol\/wp-json\/wp\/v2\/posts"}],"about":[{"href":"http:\/\/desarrollo.grupomedios.com\/futbol\/wp-json\/wp\/v2\/types\/post"}],"author":[{"embeddable":true,"href":"http:\/\/desarrollo.grupomedios.com\/futbol\/wp-json\/wp\/v2\/users\/20"}],"replies":[{"embeddable":true,"href":"http:\/\/desarrollo.grupomedios.com\/futbol\/wp-json\/wp\/v2\/comments?post=481715"}],"version-history":[{"count":1,"href":"http:\/\/desarrollo.grupomedios.com\/futbol\/wp-json\/wp\/v2\/posts\/481715\/revisions"}],"predecessor-version":[{"id":481717,"href":"http:\/\/desarrollo.grupomedios.com\/futbol\/wp-json\/wp\/v2\/posts\/481715\/revisions\/481717"}],"wp:featuredmedia":[{"embeddable":true,"href":"http:\/\/desarrollo.grupomedios.com\/futbol\/wp-json\/wp\/v2\/media\/481716"}],"wp:attachment":[{"href":"http:\/\/desarrollo.grupomedios.com\/futbol\/wp-json\/wp\/v2\/media?parent=481715"}],"wp:term":[{"taxonomy":"category","embeddable":true,"href":"http:\/\/desarrollo.grupomedios.com\/futbol\/wp-json\/wp\/v2\/categories?post=481715"},{"taxonomy":"post_tag","embeddable":true,"href":"http:\/\/desarrollo.grupomedios.com\/futbol\/wp-json\/wp\/v2\/tags?post=481715"}],"curies":[{"name":"wp","href":"https:\/\/api.w.org\/{rel}","templated":true}]}}