{"id":481770,"date":"2017-06-02T10:11:52","date_gmt":"2017-06-02T15:11:52","guid":{"rendered":"https:\/\/www.futboltotal.com.mx\/?p=481770"},"modified":"2017-06-02T10:11:52","modified_gmt":"2017-06-02T15:11:52","slug":"jorge-vergara-aseguro-chivas-jugara-ganara-mundial-clubes","status":"publish","type":"post","link":"http:\/\/desarrollo.grupomedios.com\/futbol\/futbol-mexicano\/jorge-vergara-aseguro-chivas-jugara-ganara-mundial-clubes\/2017\/06","title":{"rendered":"Jorge Vergara asegur\u00f3 que Chivas jugar\u00e1 y ganar\u00e1 el Mundial de Clubes"},"content":{"rendered":"<p>A unos d\u00edas de que las <strong>Chivas<\/strong> hayan conseguido <span style=\"color: #3366ff;\"><a style=\"color: #3366ff;\" href=\"https:\/\/www.futboltotal.com.mx\/2017\/05\/resultado-liga-mx-chivas-2-1-tigres-clausura-2017\/\" target=\"_blank\" rel=\"noopener noreferrer\">vencer a los Tigres en la Final para ganar el t\u00edtulo del Clausura 2017<\/a><\/span>, el due\u00f1o del Reba\u00f1o, Jorge Vergara, habl\u00f3 sobre el trabajo que han realizado para alcanzar los objetivos y le asegur\u00f3 a a su afici\u00f3n que vendr\u00e1n m\u00e1s \u00e9xitos para el equipo.<\/p>\n<p>Uno de los temas que toc\u00f3 fue el de la pr\u00f3xima edici\u00f3n de la Liga de Campeones de Concacaf, y aunque aun falta un a\u00f1o para que se dispute la Final, Vergara ya le prometi\u00f3 a los aficionados jugar el <strong>Mundial de Clubes<\/strong> e incluso dar la sorpresa.<\/p>\n<p style=\"text-align: center;\"><span style=\"color: #3366ff;\"><a style=\"color: #3366ff;\" href=\"https:\/\/www.futboltotal.com.mx\/2017\/06\/miguel-layun-podria-regresar-a-la-premier-league\/\">VER M\u00c1S: Miguel Lay\u00fan podr\u00eda regresar a la Premier League<\/a><\/span><\/p>\n<p>\u201cVamos a lograr muchas cosas este a\u00f1o. Vamos a llegar al <strong>Mundial del Clubes<\/strong>, vamos a ganar el Mundial de Clubes. Creo firmemente que lo que te pones en la mente, lo visualizas y lo logras\u201c, extern\u00f3 \u00e9l empresario tapat\u00edo.<\/p>\n<p>Adem\u00e1s, el empresario mexicano explic\u00f3 que Chivas no tendr\u00e1 m\u00e1s refuerzos para la pr\u00f3xima temporada y apostar\u00e1n a los j\u00f3venes de las fuerzas b\u00e1sicas.<\/p>\n<p>\u201cAhora en esta etapa, en este semestre, ya no comprar jugadores, es darle oportunidad a los chavos de <strong>Chivas<\/strong>, que ya vienen trabajando desde hace un a\u00f1o con la Sub-17 y la Sub-20; hay unos chavos que los van a impresionar\u201d, dijo.<\/p>\n<p>Para finalizar el evento que organizaron con sus fans, Vergara y sus asistentes trasladaron el trofeo que acredita a <strong>Chivas<\/strong> como el campe\u00f3n del Clausura 2017 al museo del estadio, donde tienen los otros once resguardados.<\/p>\n<p style=\"text-align: center;\"><span style=\"color: #3366ff;\"><a style=\"color: #3366ff;\" href=\"https:\/\/www.futboltotal.com.mx\/2017\/06\/revelan-sancion-a-tigres-por-no-participar-en-ceremonia-de-premiacion\/\">VER M\u00c1S: \u00a1Revelan sanci\u00f3n a Tigres, por no participar en ceremonia de premiaci\u00f3n!<\/a><\/span><\/p>\n<blockquote class=\"twitter-video\" data-lang=\"es\">\n<p dir=\"ltr\" lang=\"es\">&#x1f64c;&#x1f410;<\/p>\n<p>\u00a1Historia pura con las <a href=\"https:\/\/twitter.com\/Chivas\">@Chivas<\/a>, <a href=\"https:\/\/twitter.com\/jorgevergara\">@jorgevergara<\/a> coloca la 1\u20e32\u20e3 en el museo del Reba\u00f1o! <a href=\"https:\/\/t.co\/qIFc60FdWD\">https:\/\/t.co\/qIFc60FdWD<\/a> <a href=\"https:\/\/t.co\/bh3q0LhuJe\">pic.twitter.com\/bh3q0LhuJe<\/a><\/p>\n<p>\u2014 MedioTiempo (@mediotiempo) <a href=\"https:\/\/twitter.com\/mediotiempo\/status\/870461120447893505\">2 de junio de 2017<\/a><\/p><\/blockquote>\n<p><script async src=\"\/\/platform.twitter.com\/widgets.js\" charset=\"utf-8\"><\/script><\/p>\n","protected":false},"excerpt":{"rendered":"<p>Vergara prometi\u00f3 m\u00e1s \u00e9xitos para su equipo.<\/p>\n","protected":false},"author":20,"featured_media":481222,"comment_status":"closed","ping_status":"closed","sticky":false,"template":"","format":"standard","meta":[],"categories":[2198,3845],"tags":[70,64,415],"_links":{"self":[{"href":"http:\/\/desarrollo.grupomedios.com\/futbol\/wp-json\/wp\/v2\/posts\/481770"}],"collection":[{"href":"http:\/\/desarrollo.grupomedios.com\/futbol\/wp-json\/wp\/v2\/posts"}],"about":[{"href":"http:\/\/desarrollo.grupomedios.com\/futbol\/wp-json\/wp\/v2\/types\/post"}],"author":[{"embeddable":true,"href":"http:\/\/desarrollo.grupomedios.com\/futbol\/wp-json\/wp\/v2\/users\/20"}],"replies":[{"embeddable":true,"href":"http:\/\/desarrollo.grupomedios.com\/futbol\/wp-json\/wp\/v2\/comments?post=481770"}],"version-history":[{"count":1,"href":"http:\/\/desarrollo.grupomedios.com\/futbol\/wp-json\/wp\/v2\/posts\/481770\/revisions"}],"predecessor-version":[{"id":481774,"href":"http:\/\/desarrollo.grupomedios.com\/futbol\/wp-json\/wp\/v2\/posts\/481770\/revisions\/481774"}],"wp:featuredmedia":[{"embeddable":true,"href":"http:\/\/desarrollo.grupomedios.com\/futbol\/wp-json\/wp\/v2\/media\/481222"}],"wp:attachment":[{"href":"http:\/\/desarrollo.grupomedios.com\/futbol\/wp-json\/wp\/v2\/media?parent=481770"}],"wp:term":[{"taxonomy":"category","embeddable":true,"href":"http:\/\/desarrollo.grupomedios.com\/futbol\/wp-json\/wp\/v2\/categories?post=481770"},{"taxonomy":"post_tag","embeddable":true,"href":"http:\/\/desarrollo.grupomedios.com\/futbol\/wp-json\/wp\/v2\/tags?post=481770"}],"curies":[{"name":"wp","href":"https:\/\/api.w.org\/{rel}","templated":true}]}}