{"id":481791,"date":"2017-06-02T12:02:23","date_gmt":"2017-06-02T17:02:23","guid":{"rendered":"https:\/\/www.futboltotal.com.mx\/?p=481791"},"modified":"2017-06-02T12:05:54","modified_gmt":"2017-06-02T17:05:54","slug":"banos-confirmo-moises-munoz-no-volvera-al-america","status":"publish","type":"post","link":"http:\/\/desarrollo.grupomedios.com\/futbol\/futbol-mexicano\/banos-confirmo-moises-munoz-no-volvera-al-america\/2017\/06","title":{"rendered":"Ba\u00f1os confirm\u00f3 que Mois\u00e9s Mu\u00f1oz no volver\u00e1 al Am\u00e9rica"},"content":{"rendered":"<p>La historia que hay entre el <strong>Am\u00e9rica<\/strong> y <strong>Mois\u00e9s Mu\u00f1oz<\/strong> parece haber llegado a su fin. A pesar de que el portero <a href=\"https:\/\/www.futboltotal.com.mx\/2017\/05\/moises-munoz-no-pierde-esperanzas-volver-america\/\" target=\"_blank\" rel=\"noopener noreferrer\"><span style=\"color: #333399;\">recientemente confes\u00f3 que le encantar\u00eda volver con las <em><strong>\u00c1guilas<\/strong><\/em><\/span><\/a>, el nuevo presidente deportivo del equipo, <strong>Santiago Ba\u00f1os<\/strong>, ha descartado esa posibilidad.<\/p>\n<p>Ba\u00f1os, en entrevista con Marca Claro, acept\u00f3 que ya habl\u00f3 con <em><strong>Moi<\/strong><\/em> y le dej\u00f3 en claro que el cuadro de Coapa no lo tiene contemplado en planes para el torneo Apertura 2017.<\/p>\n<p style=\"text-align: center;\"><a href=\"https:\/\/www.futboltotal.com.mx\/2017\/06\/mexico-da-su-convocatoria-para-duelos-ante-honduras-y-ee-uu\/\" target=\"_blank\" rel=\"noopener noreferrer\"><span style=\"color: #333399;\">VER M\u00c1S: M\u00e9xico dio convocatoria para duelos ante Honduras y Estados Unidos<\/span><\/a><\/p>\n<p>&#8220;Habl\u00e9 con \u00e9l (<strong>Mu\u00f1oz<\/strong>), yo se lo dije,\u00a0a menos de que pase algo muy raro de aqu\u00ed al Draft, no creo (que vuelva al equipo), ya cumpliste un ciclo, le diste mucho al <strong>Am\u00e9rica <\/strong>y el Am\u00e9rica a ti, hoy tenemos esa posici\u00f3n bien cubierta con (<strong>Agust\u00edn<\/strong>)\u00a0<strong>Marches\u00edn<\/strong>, para m\u00ed es uno de los mejores porteros.<\/p>\n<p>&#8220;No me cuadra el tener dos porteros de esa categor\u00eda&#8230; no es sano en un equipo&#8221;,\u00a0dijo el directivo, quien apuesta por el argentino como el due\u00f1o de la titularidad en el arco azulcrema.<\/p>\n<p style=\"text-align: center;\"><a href=\"https:\/\/www.futboltotal.com.mx\/2017\/06\/desde-inglaterra-habria-oferta-por-jurgen-damm\/\" target=\"_blank\" rel=\"noopener noreferrer\"><span style=\"color: #333399;\">VER M\u00c1S: Desde Inglaterra ya habr\u00eda una oferta por J\u00fcrgen Damm<\/span><\/a><\/p>\n<p>Adem\u00e1s, Ba\u00f1os se dio tiempo de hablar acerca lo complicada que fue su salida de la <strong>Selecci\u00f3n Mexicana<\/strong> para volver al <strong>Am\u00e9rica<\/strong>, a semanas de que el <em><strong>Tri<\/strong><\/em> arranque su extenuante actividad entre <strong>Copa Confederaciones<\/strong>, <strong>Copa Oro<\/strong> y el <strong>Hexagonal Final<\/strong> de <strong>Concacaf<\/strong>.<\/p>\n<p>&#8220;Extra\u00f1aba el d\u00eda a d\u00eda del equipo, en Selecci\u00f3n hay lapsos sin trabajar; por ello, tom\u00e9 la oportunidad y me hice a un lado en el mejor momento del <em>Tri<\/em>&#8220;, concluy\u00f3.<\/p>\n<p style=\"text-align: center;\"><a href=\"https:\/\/www.futboltotal.com.mx\/2017\/06\/galatasaray-se-interpondria-chucky-lozano-celta\/\" target=\"_blank\" rel=\"noopener noreferrer\"><span style=\"color: #333399;\">VER M\u00c1S: Galatasaray se interpondr\u00eda entre Chucky Lozano y el Celta<\/span><\/a><\/p>\n","protected":false},"excerpt":{"rendered":"<p>Santiago Ba\u00f1os habl\u00f3 directamente con Mois\u00e9s Mu\u00f1oz para explicarle su futuro.<\/p>\n","protected":false},"author":20,"featured_media":481794,"comment_status":"closed","ping_status":"closed","sticky":false,"template":"","format":"standard","meta":[],"categories":[7740,2198,3845],"tags":[1585,5959,64,7746,635],"_links":{"self":[{"href":"http:\/\/desarrollo.grupomedios.com\/futbol\/wp-json\/wp\/v2\/posts\/481791"}],"collection":[{"href":"http:\/\/desarrollo.grupomedios.com\/futbol\/wp-json\/wp\/v2\/posts"}],"about":[{"href":"http:\/\/desarrollo.grupomedios.com\/futbol\/wp-json\/wp\/v2\/types\/post"}],"author":[{"embeddable":true,"href":"http:\/\/desarrollo.grupomedios.com\/futbol\/wp-json\/wp\/v2\/users\/20"}],"replies":[{"embeddable":true,"href":"http:\/\/desarrollo.grupomedios.com\/futbol\/wp-json\/wp\/v2\/comments?post=481791"}],"version-history":[{"count":3,"href":"http:\/\/desarrollo.grupomedios.com\/futbol\/wp-json\/wp\/v2\/posts\/481791\/revisions"}],"predecessor-version":[{"id":481797,"href":"http:\/\/desarrollo.grupomedios.com\/futbol\/wp-json\/wp\/v2\/posts\/481791\/revisions\/481797"}],"wp:featuredmedia":[{"embeddable":true,"href":"http:\/\/desarrollo.grupomedios.com\/futbol\/wp-json\/wp\/v2\/media\/481794"}],"wp:attachment":[{"href":"http:\/\/desarrollo.grupomedios.com\/futbol\/wp-json\/wp\/v2\/media?parent=481791"}],"wp:term":[{"taxonomy":"category","embeddable":true,"href":"http:\/\/desarrollo.grupomedios.com\/futbol\/wp-json\/wp\/v2\/categories?post=481791"},{"taxonomy":"post_tag","embeddable":true,"href":"http:\/\/desarrollo.grupomedios.com\/futbol\/wp-json\/wp\/v2\/tags?post=481791"}],"curies":[{"name":"wp","href":"https:\/\/api.w.org\/{rel}","templated":true}]}}