{"id":481842,"date":"2017-06-02T16:17:55","date_gmt":"2017-06-02T21:17:55","guid":{"rendered":"https:\/\/www.futboltotal.com.mx\/?p=481842"},"modified":"2017-06-02T16:17:55","modified_gmt":"2017-06-02T21:17:55","slug":"torneo-toulon-presumio-a-gignac-mando-saludos-a-tigres","status":"publish","type":"post","link":"http:\/\/desarrollo.grupomedios.com\/futbol\/futbol-mexicano\/torneo-toulon-presumio-a-gignac-mando-saludos-a-tigres\/2017\/06","title":{"rendered":"Torneo de Toulon presumi\u00f3 a Gignac y mand\u00f3 saludos a Tigres"},"content":{"rendered":"<p>El delantero franc\u00e9s <strong>Andr\u00e9-Pierre Gignac<\/strong> ha hecho que el mundo voltee a ver a M\u00e9xico y en especial a los <strong>Tigres<\/strong> de Nuevo Le\u00f3n, equipo al que lleg\u00f3 en agosto del 2015.<\/p>\n<p>Desde entonces los Tigres han ganado dos t\u00edtulos de Liga MX y perdido una final, junto con la de los torneos de Copa Libertadores y Concachampions, pero a pesar de ello el nombre del equipo ha estado en boca de todos.<\/p>\n<p>El d\u00eda de hoy, durante el famoso torneo que de Esperanzas de Toulon, las redes del certamen aprovecharon la visita de <strong>Gignac<\/strong> para tomarle una fotograf\u00eda y mandarle saludos a los <strong>Tigres<\/strong>, presumiendo que el delantero se encontraba viendo los encuentros.<\/p>\n<p style=\"text-align: center;\"><span style=\"color: #3366ff;\"><a style=\"color: #3366ff;\" href=\"https:\/\/www.futboltotal.com.mx\/2017\/06\/juveniles-del-america-querrian-a-diego-lainez-alzado\/\">VER M\u00c1S: Juveniles del Am\u00e9rica no querr\u00edan a Diego Lainez por \u2018alzado\u2019<\/a><\/span><\/p>\n<p>&nbsp;<\/p>\n<p>https:\/\/twitter.com\/TournoiToulon\/status\/870709911159578630<\/p>\n","protected":false},"excerpt":{"rendered":"<p>El delantero apareci\u00f3 en el torneo de j\u00f3venes promesas.<\/p>\n","protected":false},"author":78,"featured_media":478949,"comment_status":"closed","ping_status":"closed","sticky":false,"template":"","format":"standard","meta":[],"categories":[5419,2198,3845],"tags":[5564,5973],"_links":{"self":[{"href":"http:\/\/desarrollo.grupomedios.com\/futbol\/wp-json\/wp\/v2\/posts\/481842"}],"collection":[{"href":"http:\/\/desarrollo.grupomedios.com\/futbol\/wp-json\/wp\/v2\/posts"}],"about":[{"href":"http:\/\/desarrollo.grupomedios.com\/futbol\/wp-json\/wp\/v2\/types\/post"}],"author":[{"embeddable":true,"href":"http:\/\/desarrollo.grupomedios.com\/futbol\/wp-json\/wp\/v2\/users\/78"}],"replies":[{"embeddable":true,"href":"http:\/\/desarrollo.grupomedios.com\/futbol\/wp-json\/wp\/v2\/comments?post=481842"}],"version-history":[{"count":1,"href":"http:\/\/desarrollo.grupomedios.com\/futbol\/wp-json\/wp\/v2\/posts\/481842\/revisions"}],"predecessor-version":[{"id":481847,"href":"http:\/\/desarrollo.grupomedios.com\/futbol\/wp-json\/wp\/v2\/posts\/481842\/revisions\/481847"}],"wp:featuredmedia":[{"embeddable":true,"href":"http:\/\/desarrollo.grupomedios.com\/futbol\/wp-json\/wp\/v2\/media\/478949"}],"wp:attachment":[{"href":"http:\/\/desarrollo.grupomedios.com\/futbol\/wp-json\/wp\/v2\/media?parent=481842"}],"wp:term":[{"taxonomy":"category","embeddable":true,"href":"http:\/\/desarrollo.grupomedios.com\/futbol\/wp-json\/wp\/v2\/categories?post=481842"},{"taxonomy":"post_tag","embeddable":true,"href":"http:\/\/desarrollo.grupomedios.com\/futbol\/wp-json\/wp\/v2\/tags?post=481842"}],"curies":[{"name":"wp","href":"https:\/\/api.w.org\/{rel}","templated":true}]}}