{"id":481843,"date":"2017-06-02T16:14:10","date_gmt":"2017-06-02T21:14:10","guid":{"rendered":"https:\/\/www.futboltotal.com.mx\/?p=481843"},"modified":"2017-06-02T16:14:10","modified_gmt":"2017-06-02T21:14:10","slug":"juan-pablo-leano-mantiene-viva-la-dinastia-en-tecos","status":"publish","type":"post","link":"http:\/\/desarrollo.grupomedios.com\/futbol\/futbol-mexicano\/juan-pablo-leano-mantiene-viva-la-dinastia-en-tecos\/2017\/06","title":{"rendered":"\u00a1Juan Pablo mantiene viva la dinast\u00eda Lea\u00f1o en Tecos!"},"content":{"rendered":"<p><strong>Tecos<\/strong> tiene vivo el sue\u00f1o de regresar al M\u00e1ximo Circuito, y por lo pronto, ya logr\u00f3 su primer objetivo: ascender a Segunda Divisi\u00f3n, algo que hizo de la mano de su estratega, Rodrigo Ru\u00edz, quien jug\u00f3 en las filas del equipo, cuando estuvo en Primera Divisi\u00f3n.<\/p>\n<p>Cabe destacar, que dentro del plantel que consigui\u00f3 el ascenso, se encuentra el tercer miembro de la dinast\u00eda Lea\u00f1o, que participa \u00edntegramente en el proyecto deportivo de los Tecos, se trata de <strong>Juan Pablo Lea\u00f1o<\/strong>, hijo de Juan Carlos, el <em>Cheto<\/em>, quien es el due\u00f1o del equipo.<\/p>\n<p style=\"text-align: center;\"><span style=\"color: #3366ff;\"><a style=\"color: #3366ff;\" href=\"https:\/\/www.futboltotal.com.mx\/2017\/06\/pony-ruiz-ascendio-a-tecos-a-segunda-division\/\" target=\"_blank\" rel=\"noopener noreferrer\"><strong>VER M\u00c1S: Tecos asciende a Segunda Divisi\u00f3n, de la mano del Pony<\/strong><\/a><\/span><\/p>\n<p>\u201cEl llevar este apellido es una responsabilidad muy grande, yo viv\u00ed eso desde que mi pap\u00e1 estaba jugando, te va haciendo callito desde chiquito; hubo cr\u00edticas hacia mi pap\u00e1 y siempre las va a haber conmigo. La verdad es que yo estoy preparado, estoy listo y s\u00e9 que puedo lograr algo muy lindo como lo hizo mi pap\u00e1\u201d, explic\u00f3<strong> Juan Pablo Lea\u00f1o<\/strong> en entrevista con el suplemento <em>La Afici\u00f3n<\/em>.<\/p>\n<p style=\"text-align: center;\"><span style=\"color: #3366ff;\"><a style=\"color: #3366ff;\" href=\"https:\/\/www.futboltotal.com.mx\/2017\/05\/futbol-estufa-rumores-y-fichajes-rumbo-al-apertura-2017-la-liga-mx\/\" target=\"_blank\" rel=\"noopener noreferrer\"><strong>VER M\u00c1S: Futbol de Estufa | Rumbo al Apertura 2017<\/strong><\/a><\/span><\/p>\n<p><a href=\"https:\/\/www.futboltotal.com.mx\/wp-content\/uploads\/2017\/06\/juan-pablo-leano-hijo-de-juan-carlos-leano.jpg\"><img decoding=\"async\" loading=\"lazy\" class=\"alignnone size-full wp-image-481844\" src=\"https:\/\/www.futboltotal.com.mx\/wp-content\/uploads\/2017\/06\/juan-pablo-leano-hijo-de-juan-carlos-leano.jpg\" alt=\"\u00a1Juan Pablo mantiene viva la dinast\u00eda Lea\u00f1o en Tecos! 0\" srcset=\"http:\/\/desarrollo.grupomedios.com\/futbol\/wp-content\/uploads\/2017\/06\/juan-pablo-leano-hijo-de-juan-carlos-leano.jpg 1136w, http:\/\/desarrollo.grupomedios.com\/futbol\/wp-content\/uploads\/2017\/06\/juan-pablo-leano-hijo-de-juan-carlos-leano-300x169.jpg 300w, http:\/\/desarrollo.grupomedios.com\/futbol\/wp-content\/uploads\/2017\/06\/juan-pablo-leano-hijo-de-juan-carlos-leano-768x432.jpg 768w, http:\/\/desarrollo.grupomedios.com\/futbol\/wp-content\/uploads\/2017\/06\/juan-pablo-leano-hijo-de-juan-carlos-leano-1024x576.jpg 1024w, http:\/\/desarrollo.grupomedios.com\/futbol\/wp-content\/uploads\/2017\/06\/juan-pablo-leano-hijo-de-juan-carlos-leano-317x178.jpg 317w, http:\/\/desarrollo.grupomedios.com\/futbol\/wp-content\/uploads\/2017\/06\/juan-pablo-leano-hijo-de-juan-carlos-leano-535x301.jpg 535w, http:\/\/desarrollo.grupomedios.com\/futbol\/wp-content\/uploads\/2017\/06\/juan-pablo-leano-hijo-de-juan-carlos-leano-374x210.jpg 374w\" sizes=\"(max-width: 1136px) 100vw, 1136px\" \/><\/a><\/p>\n<p><strong>Juan Pablo Lea\u00f1o<\/strong> juega como medio de contenci\u00f3n y sabe que el reto es llevar al equipo hasta la Primera Divisi\u00f3n, aunque en el transcurso, o ya cumplida la meta, podr\u00eda tomar un rumbo separado que el de su padre, pues se dice abierto a la posibilidad de emigrar de equipo.<\/p>\n<p style=\"text-align: center;\"><span style=\"color: #3366ff;\"><a style=\"color: #3366ff;\" href=\"https:\/\/www.futboltotal.com.mx\/2017\/06\/charly-ahora-vestira-a-xolos-tijuana\/\" target=\"_blank\" rel=\"noopener noreferrer\"><strong>VER M\u00c1S: Charly vestir\u00e1 a Xolos de Tijuana<\/strong><\/a><\/span><\/p>\n<blockquote class=\"twitter-tweet\" data-lang=\"es\">\n<p dir=\"ltr\" lang=\"und\"><a href=\"https:\/\/twitter.com\/hashtag\/SomosDePrimera?src=hash\">#SomosDePrimera<\/a> <a href=\"https:\/\/twitter.com\/hashtag\/RumboAlAscenso?src=hash\">#RumboAlAscenso<\/a> <a href=\"https:\/\/t.co\/aBBwPvEKS7\">pic.twitter.com\/aBBwPvEKS7<\/a><\/p>\n<p>\u2014 Juan Pablo Lea\u00f1o (@juanpaa207) <a href=\"https:\/\/twitter.com\/juanpaa207\/status\/786063132758269952\">12 de octubre de 2016<\/a><\/p><\/blockquote>\n<p><script async src=\"\/\/platform.twitter.com\/widgets.js\" charset=\"utf-8\"><\/script><\/p>\n","protected":false},"excerpt":{"rendered":"<p>El hijo del Cheto, forma parte del club que consigui\u00f3 su ascenso a Segunda Divisi\u00f3n.<\/p>\n","protected":false},"author":20,"featured_media":481845,"comment_status":"closed","ping_status":"closed","sticky":false,"template":"","format":"standard","meta":[],"categories":[2198],"tags":[1569],"_links":{"self":[{"href":"http:\/\/desarrollo.grupomedios.com\/futbol\/wp-json\/wp\/v2\/posts\/481843"}],"collection":[{"href":"http:\/\/desarrollo.grupomedios.com\/futbol\/wp-json\/wp\/v2\/posts"}],"about":[{"href":"http:\/\/desarrollo.grupomedios.com\/futbol\/wp-json\/wp\/v2\/types\/post"}],"author":[{"embeddable":true,"href":"http:\/\/desarrollo.grupomedios.com\/futbol\/wp-json\/wp\/v2\/users\/20"}],"replies":[{"embeddable":true,"href":"http:\/\/desarrollo.grupomedios.com\/futbol\/wp-json\/wp\/v2\/comments?post=481843"}],"version-history":[{"count":1,"href":"http:\/\/desarrollo.grupomedios.com\/futbol\/wp-json\/wp\/v2\/posts\/481843\/revisions"}],"predecessor-version":[{"id":481846,"href":"http:\/\/desarrollo.grupomedios.com\/futbol\/wp-json\/wp\/v2\/posts\/481843\/revisions\/481846"}],"wp:featuredmedia":[{"embeddable":true,"href":"http:\/\/desarrollo.grupomedios.com\/futbol\/wp-json\/wp\/v2\/media\/481845"}],"wp:attachment":[{"href":"http:\/\/desarrollo.grupomedios.com\/futbol\/wp-json\/wp\/v2\/media?parent=481843"}],"wp:term":[{"taxonomy":"category","embeddable":true,"href":"http:\/\/desarrollo.grupomedios.com\/futbol\/wp-json\/wp\/v2\/categories?post=481843"},{"taxonomy":"post_tag","embeddable":true,"href":"http:\/\/desarrollo.grupomedios.com\/futbol\/wp-json\/wp\/v2\/tags?post=481843"}],"curies":[{"name":"wp","href":"https:\/\/api.w.org\/{rel}","templated":true}]}}