{"id":481848,"date":"2017-06-03T10:38:49","date_gmt":"2017-06-03T15:38:49","guid":{"rendered":"https:\/\/www.futboltotal.com.mx\/?p=481848"},"modified":"2017-06-03T10:38:49","modified_gmt":"2017-06-03T15:38:49","slug":"ft-adidas-te-vivir-la-final-la-champions-al-maximo","status":"publish","type":"post","link":"http:\/\/desarrollo.grupomedios.com\/futbol\/promociones\/ft-adidas-te-vivir-la-final-la-champions-al-maximo\/2017\/06","title":{"rendered":"\u00a1FT y adidas te hacen vivir la Final de la Champions al m\u00e1ximo!"},"content":{"rendered":"<p>\u00bfQuieres vivir la pasi\u00f3n de Final de la Champions como un verdadero fan?\u00a0Es muy f\u00e1cil,\u00a0<strong>adidas\u00a0<\/strong>y\u00a0<strong>Futbol Total<\/strong> te regalan el jersey o la chamarra de <strong>Juventus<\/strong> y <strong>Real Madrid<\/strong>, adem\u00e1s del bal\u00f3n oficial de la Gran Final. S\u00f3lo debes seguir estos sencillos pasos:<\/p>\n<p>\u2013 Seguir<em>\u00a0<\/em>en <strong>Twitter<\/strong>\u00a0a\u00a0<a href=\"https:\/\/twitter.com\/MXFutbolTotal\">@MXfutboltotal<\/a> \u00a0y en <strong>Facebook<\/strong>\u00a0a\u00a0<a href=\"https:\/\/www.facebook.com\/futboltotalmexico\">Futbol Total<\/a> (y tomar screenshots de cada uno para comprobarlo).<\/p>\n<p>\u2013 Despu\u00e9s, <strong>comparte\u00a0la publicaci\u00f3n<\/strong> en Twitter y Facebook (y toma screenshots de cada uno de los compartidos para comprobarlo).<\/p>\n<p>\u2013 T\u00f3mate una foto mostrando la pasi\u00f3n con la que vives los momentos previos a la Gran Final o el partido mismo.<\/p>\n<p>\u2013 Responde la pregunta: \u00a0\u00bfQui\u00e9n marc\u00f3 el gol de\u00a0la anterior\u00a0<strong>Final<\/strong> de\u00a0<strong>UEFA Champions League <\/strong>entre <strong>Juventus<\/strong>\u00a0y <strong>Real Madrid<\/strong>?<\/p>\n<p>\u2013 Manda tu respuesta, foto y tus screenshots al correo\u00a0futboltotal@futboltotal.com.mx con asunto \u201c<strong>FINAL CHAMPIONS FT-ADIDAS<\/strong>\u201d, especificando de qu\u00e9 equipo deseas ganarte un art\u00edculo o si compites por el bal\u00f3n. El mensaje deber\u00e1 tener el\u00a0nombre completo del participante y cumplir con todos los requisitos.<\/p>\n<p>\u2013 Los pron\u00f3sticos\u00a0acertados que cumplan con todos los requisitos ser\u00e1n ganadores de<strong>\u00a01 de los 5 premios<\/strong>.<\/p>\n<p>\u2013 S\u00f3lo se tomar\u00e1n en cuenta correos\u00a0recibidos hasta <strong>antes del s\u00e1bado 3 de junio\u00a0a las 15:45 horas<\/strong>, hora aproximada en la que acabar\u00eda el partido en tiempo regular.<\/p>\n<p>El\u00a0<strong>equipo de Futbol Total<\/strong>\u00a0se comunicar\u00e1 con los ganadores, quienes deber\u00e1n recoger sus premios en las oficinas de Futbol Total, ubicadas en la Ciudad de M\u00e9xico. La entrega del premio ser\u00e1 del lunes 5 al mi\u00e9rcoles 7 de junio,\u00a0en horario de 10:00 a 15:00 horas. Indispensable presentar original y copia de identificaci\u00f3n oficial.<\/p>\n<p>\u00a1Mucha suerte\u00a0<em>cracks<\/em>!<\/p>\n","protected":false},"excerpt":{"rendered":"<p>adidas y Futbol Total te regalan el jersey o chamarra de Juventus y Real Madrid y el bal\u00f3n de la Final.<\/p>\n","protected":false},"author":20,"featured_media":481851,"comment_status":"closed","ping_status":"closed","sticky":false,"template":"","format":"standard","meta":[],"categories":[3841,3839,60],"tags":[1560,36,1752,5999,5988],"_links":{"self":[{"href":"http:\/\/desarrollo.grupomedios.com\/futbol\/wp-json\/wp\/v2\/posts\/481848"}],"collection":[{"href":"http:\/\/desarrollo.grupomedios.com\/futbol\/wp-json\/wp\/v2\/posts"}],"about":[{"href":"http:\/\/desarrollo.grupomedios.com\/futbol\/wp-json\/wp\/v2\/types\/post"}],"author":[{"embeddable":true,"href":"http:\/\/desarrollo.grupomedios.com\/futbol\/wp-json\/wp\/v2\/users\/20"}],"replies":[{"embeddable":true,"href":"http:\/\/desarrollo.grupomedios.com\/futbol\/wp-json\/wp\/v2\/comments?post=481848"}],"version-history":[{"count":4,"href":"http:\/\/desarrollo.grupomedios.com\/futbol\/wp-json\/wp\/v2\/posts\/481848\/revisions"}],"predecessor-version":[{"id":481867,"href":"http:\/\/desarrollo.grupomedios.com\/futbol\/wp-json\/wp\/v2\/posts\/481848\/revisions\/481867"}],"wp:featuredmedia":[{"embeddable":true,"href":"http:\/\/desarrollo.grupomedios.com\/futbol\/wp-json\/wp\/v2\/media\/481851"}],"wp:attachment":[{"href":"http:\/\/desarrollo.grupomedios.com\/futbol\/wp-json\/wp\/v2\/media?parent=481848"}],"wp:term":[{"taxonomy":"category","embeddable":true,"href":"http:\/\/desarrollo.grupomedios.com\/futbol\/wp-json\/wp\/v2\/categories?post=481848"},{"taxonomy":"post_tag","embeddable":true,"href":"http:\/\/desarrollo.grupomedios.com\/futbol\/wp-json\/wp\/v2\/tags?post=481848"}],"curies":[{"name":"wp","href":"https:\/\/api.w.org\/{rel}","templated":true}]}}