{"id":481862,"date":"2017-06-02T17:39:45","date_gmt":"2017-06-02T22:39:45","guid":{"rendered":"https:\/\/www.futboltotal.com.mx\/?p=481862"},"modified":"2017-06-02T17:39:45","modified_gmt":"2017-06-02T22:39:45","slug":"carlos-adrian-morales-se-despide-monarcas-morelia","status":"publish","type":"post","link":"http:\/\/desarrollo.grupomedios.com\/futbol\/futbol-mexicano\/carlos-adrian-morales-se-despide-monarcas-morelia\/2017\/06","title":{"rendered":"\u00a1Carlos Adri\u00e1n Morales se despide de Monarcas Morelia!"},"content":{"rendered":"<p>A trav\u00e9s de su cuenta de Twitter, la directiva de <strong>Morelia<\/strong> dio a conocer que se ampl\u00eda la lista de transferibles del equipo, previo al r\u00e9gimen de transferencias que se celebrar\u00e1 en cuesti\u00f3n de d\u00edas. Los dos jugadores que ya no forman parte de los intereses del club, son <strong>Carlos Adri\u00e1n Morales<\/strong> y Luis Gabriel Rey.<\/p>\n<p style=\"text-align: center;\"><span style=\"color: #3366ff;\"><a style=\"color: #3366ff;\" href=\"https:\/\/www.futboltotal.com.mx\/2017\/06\/javier-cortes-aparece-en-la-lista-transferibles-pumas\/\" target=\"_blank\" rel=\"noopener noreferrer\"><strong>VER M\u00c1S: Pumas anuncia su lista oficial de jugadores transferibles<\/strong><\/a><\/span><\/p>\n<blockquote class=\"twitter-tweet\" data-lang=\"es\">\n<p dir=\"ltr\" lang=\"es\"><a href=\"https:\/\/twitter.com\/hashtag\/MonarcasInforma?src=hash\">#MonarcasInforma<\/a>: Carlos Morales y Luis G. Rey, se suman a la lista de transferibles. <a href=\"https:\/\/t.co\/sArONZYdWU\">https:\/\/t.co\/sArONZYdWU<\/a> <a href=\"https:\/\/t.co\/Vp64hGcu1H\">pic.twitter.com\/Vp64hGcu1H<\/a><\/p>\n<p>\u2014 Monarcas Morelia (@FuerzaMonarca) <a href=\"https:\/\/twitter.com\/FuerzaMonarca\/status\/870760138612682752\">2 de junio de 2017<\/a><\/p><\/blockquote>\n<p><script async src=\"\/\/platform.twitter.com\/widgets.js\" charset=\"utf-8\"><\/script><\/p>\n<p>Ante ello, <strong>Carlos Adri\u00e1n Morales<\/strong> envi\u00f3 un mensaje a la afici\u00f3n del equipo, por el cari\u00f1o que le mostr\u00f3 durante su estancia en el club, pero lamenta no poder retirarse con <strong>Morelia<\/strong>, el equipo de sus amores.<\/p>\n<p style=\"text-align: center;\"><span style=\"color: #3366ff;\"><a style=\"color: #3366ff;\" href=\"https:\/\/www.futboltotal.com.mx\/2017\/06\/dos-chilenos-en-la-lista-transferibles-necaxa\/\" target=\"_blank\" rel=\"noopener noreferrer\"><strong>VER M\u00c1S: Lista oficial de transferibles de Necaxa<\/strong><\/a><\/span><\/p>\n<blockquote class=\"twitter-tweet\" data-lang=\"es\">\n<p dir=\"ltr\" lang=\"es\">MUCHAS MUCHAS MUCHAS GRACIAS POR TODO!!! <a href=\"https:\/\/t.co\/MDcCIhhgCG\">pic.twitter.com\/MDcCIhhgCG<\/a><\/p>\n<p>\u2014 Carlos A. Morales28 (@CarMorales28) <a href=\"https:\/\/twitter.com\/CarMorales28\/status\/870764783909220352\">2 de junio de 2017<\/a><\/p><\/blockquote>\n<p><script async src=\"\/\/platform.twitter.com\/widgets.js\" charset=\"utf-8\"><\/script><\/p>\n","protected":false},"excerpt":{"rendered":"<p>El hermano de Ram\u00f3n, se une a lista de transferibles de los pur\u00e9pechas.<\/p>\n","protected":false},"author":20,"featured_media":481865,"comment_status":"closed","ping_status":"closed","sticky":false,"template":"","format":"standard","meta":[],"categories":[2198,3845],"tags":[5967],"_links":{"self":[{"href":"http:\/\/desarrollo.grupomedios.com\/futbol\/wp-json\/wp\/v2\/posts\/481862"}],"collection":[{"href":"http:\/\/desarrollo.grupomedios.com\/futbol\/wp-json\/wp\/v2\/posts"}],"about":[{"href":"http:\/\/desarrollo.grupomedios.com\/futbol\/wp-json\/wp\/v2\/types\/post"}],"author":[{"embeddable":true,"href":"http:\/\/desarrollo.grupomedios.com\/futbol\/wp-json\/wp\/v2\/users\/20"}],"replies":[{"embeddable":true,"href":"http:\/\/desarrollo.grupomedios.com\/futbol\/wp-json\/wp\/v2\/comments?post=481862"}],"version-history":[{"count":1,"href":"http:\/\/desarrollo.grupomedios.com\/futbol\/wp-json\/wp\/v2\/posts\/481862\/revisions"}],"predecessor-version":[{"id":481866,"href":"http:\/\/desarrollo.grupomedios.com\/futbol\/wp-json\/wp\/v2\/posts\/481862\/revisions\/481866"}],"wp:featuredmedia":[{"embeddable":true,"href":"http:\/\/desarrollo.grupomedios.com\/futbol\/wp-json\/wp\/v2\/media\/481865"}],"wp:attachment":[{"href":"http:\/\/desarrollo.grupomedios.com\/futbol\/wp-json\/wp\/v2\/media?parent=481862"}],"wp:term":[{"taxonomy":"category","embeddable":true,"href":"http:\/\/desarrollo.grupomedios.com\/futbol\/wp-json\/wp\/v2\/categories?post=481862"},{"taxonomy":"post_tag","embeddable":true,"href":"http:\/\/desarrollo.grupomedios.com\/futbol\/wp-json\/wp\/v2\/tags?post=481862"}],"curies":[{"name":"wp","href":"https:\/\/api.w.org\/{rel}","templated":true}]}}