{"id":482030,"date":"2017-06-04T09:33:29","date_gmt":"2017-06-04T14:33:29","guid":{"rendered":"https:\/\/www.futboltotal.com.mx\/?p=482030"},"modified":"2017-06-04T09:33:29","modified_gmt":"2017-06-04T14:33:29","slug":"jemez-cruz-azul-definen-posiciones-reforzaran-en-draft","status":"publish","type":"post","link":"http:\/\/desarrollo.grupomedios.com\/futbol\/destacado-home\/jemez-cruz-azul-definen-posiciones-reforzaran-en-draft\/2017\/06","title":{"rendered":"J\u00e9mez y Cruz Azul definen qu\u00e9 posiciones reforzar\u00e1n en el Draft"},"content":{"rendered":"<p>Luego del \u00faltimo fracaso del <strong>Cruz Azul<\/strong> en la Liga MX, el t\u00e9cnico <strong>Paco J\u00e9mez<\/strong> y su directiva ya han definido las posiciones que deben reforzar en el pr\u00f3ximo <strong>Draft de Transferencias<\/strong> de cara al torneo <strong>Apertura 2017<\/strong>.<\/p>\n<p>El entrenador espa\u00f1ol ha pedido a la c\u00fapula que el club fiche jugadores para cuatro posiciones, tal y como apuntan reportes del diario R\u00e9cord.<\/p>\n<p>Las peticiones de J\u00e9mez son 4: un defensa central, un defensa lateral, un volante por derecha y un delantero, mismas que buscar\u00e1n resolver en el <a href=\"https:\/\/www.futboltotal.com.mx\/2017\/05\/listas-las-fechas-draft-la-liga-mx\/\" target=\"_blank\" rel=\"noopener noreferrer\"><span style=\"color: #333399;\">Draft de la Liga MX que se realizar\u00e1 en Canc\u00fan la siguiente semana<\/span><\/a>.<\/p>\n<p style=\"text-align: center;\"><a href=\"https:\/\/www.futboltotal.com.mx\/2017\/06\/sergio-ramos-ignora-a-mexicano-tras-final-champions\/\" target=\"_blank\" rel=\"noopener noreferrer\"><span style=\"color: #333399;\">VER M\u00c1S: \u00bfSergio Ramos menospreci\u00f3 a mexicano tras Final de Champions?<\/span><\/a><\/p>\n<p>La partida inminente de <a href=\"https:\/\/www.futboltotal.com.mx\/2017\/05\/maza-rodriguez-podria-llegar-a-lobos-buap\/\" target=\"_blank\" rel=\"noopener noreferrer\"><span style=\"color: #333399;\"><strong>Francisco <em>Maza<\/em> Rodr\u00edguez<\/strong><\/span><\/a>, junto la posible partida del chileno <a href=\"https:\/\/www.futboltotal.com.mx\/2017\/05\/enzo-roco-habria-pedido-salir-de-cruz-azul\/\" target=\"_blank\" rel=\"noopener noreferrer\"><span style=\"color: #333399;\"><strong>Enzo Roco<\/strong><\/span><\/a> y las fallas que se vieron en la zaga de <strong>Cruz Azul<\/strong>\u00a0en el Clausura 2017 hacen necesario conseguir a un central de garant\u00edas.<\/p>\n<p>En el caso de la lateral por derecha, J\u00e9mez desea meterle presi\u00f3n a <strong>Omar Mendoza<\/strong>, titular en esa posici\u00f3n en la mayor\u00eda de partidos del torneo anterior, aunque muy criticado por sus constantes fallas.<\/p>\n<p style=\"text-align: center;\"><a href=\"https:\/\/www.futboltotal.com.mx\/2017\/06\/sueno-europeo-gullit-pena-derribado-leyes\/\" target=\"_blank\" rel=\"noopener noreferrer\"><span style=\"color: #333399;\">VER M\u00c1S: Sue\u00f1o europeo de Gullit Pe\u00f1a y Herrera ser\u00eda derribado por leyes<\/span><\/a><\/p>\n<p>Con el ecuatoriano <a href=\"https:\/\/www.futboltotal.com.mx\/2017\/05\/cruz-azul-anuncio-lista-preliminar-transferibles\/\" target=\"_blank\" rel=\"noopener noreferrer\"><span style=\"color: #333399;\"><strong>Joao Rojas<\/strong> en la lista de transferibles<\/span><\/a> de <em><strong>La M\u00e1quina<\/strong><\/em> y s\u00f3lo su compatriota \u00c1ngel Mena con condiciones naturales para jugar como volante por derecha, aunque actuando como &#8217;10&#8217;, ser\u00e1 necesario un futbolista para esa zona y ya suenan nombres como los de <a href=\"https:\/\/www.futboltotal.com.mx\/2017\/06\/carlos-fierro-estaria-cerca-del-cruz-azul\/\" target=\"_blank\" rel=\"noopener noreferrer\"><span style=\"color: #333399;\"><strong>Carlos Fierro<\/strong><\/span><\/a> de <strong>Chivas<\/strong>, <a href=\"https:\/\/www.futboltotal.com.mx\/2017\/05\/cruz-azul-quiere-los-servicios-ismael-sosa\/\" target=\"_blank\" rel=\"noopener noreferrer\"><span style=\"color: #333399;\"><strong>Ismael Sosa<\/strong><\/span><\/a> de <strong>Tigres<\/strong> y <strong>Jes\u00fas Isijara<\/strong> del <strong>Necaxa<\/strong>.<\/p>\n<p>Adem\u00e1s, pese a la confianza que el club le ha dado al uruguayo <strong>Mart\u00edn Cauteruccio<\/strong> luego de perderse la mayor parte del Clausura 2017 por problemas f\u00edsicos, la posible partida de <span style=\"color: #333399;\"><a style=\"color: #333399;\" href=\"https:\/\/www.futboltotal.com.mx\/2017\/05\/jorge-benitez-dejaria-cruz-azul-reforzar-al-monterrey\/\" target=\"_blank\" rel=\"noopener noreferrer\"><strong>Jorge Ben\u00edtez<\/strong><\/a><\/span> obligar\u00eda a Cruz Azul\u00a0a fichar a un delantero y ya se habla de que Cruz Azul va por el fi<a href=\"https:\/\/www.futboltotal.com.mx\/2017\/06\/cruz-azul-paco-jemez-iran-fichaje-fernando-torres\/\" target=\"_blank\" rel=\"noopener noreferrer\"><span style=\"color: #333399;\">chaje bomba del espa\u00f1ol <strong>Fernando Torres<\/strong><\/span><\/a> o por el chileno <span style=\"color: #333399;\"><a style=\"color: #333399;\" href=\"https:\/\/www.futboltotal.com.mx\/2017\/06\/cruz-azul-estaria-interesado-en-fichar-a-eduardo-vargas\/\" target=\"_blank\" rel=\"noopener noreferrer\"><strong>Eduardo Vargas<\/strong><\/a><\/span>, sin muchos minutos con <strong>Tigres<\/strong>.<\/p>\n<p style=\"text-align: center;\"><a href=\"https:\/\/www.futboltotal.com.mx\/2017\/06\/james-rodriguez-se-marcha-sus-companeros-festejan\/\" target=\"_blank\" rel=\"noopener noreferrer\"><span style=\"color: #333399;\">VER M\u00c1S: \u00bfJames Rodriguez se march\u00f3 mientras sus compa\u00f1eros festejaban?<\/span><\/a><\/p>\n","protected":false},"excerpt":{"rendered":"<p>Paco J\u00e9mez ha pedido al Cruz Azul que fiche jugadores para cuatro posiciones.<\/p>\n","protected":false},"author":20,"featured_media":482031,"comment_status":"closed","ping_status":"closed","sticky":false,"template":"","format":"standard","meta":[],"categories":[5,7740,2198,3845],"tags":[8357,5478,5962,8551,64],"_links":{"self":[{"href":"http:\/\/desarrollo.grupomedios.com\/futbol\/wp-json\/wp\/v2\/posts\/482030"}],"collection":[{"href":"http:\/\/desarrollo.grupomedios.com\/futbol\/wp-json\/wp\/v2\/posts"}],"about":[{"href":"http:\/\/desarrollo.grupomedios.com\/futbol\/wp-json\/wp\/v2\/types\/post"}],"author":[{"embeddable":true,"href":"http:\/\/desarrollo.grupomedios.com\/futbol\/wp-json\/wp\/v2\/users\/20"}],"replies":[{"embeddable":true,"href":"http:\/\/desarrollo.grupomedios.com\/futbol\/wp-json\/wp\/v2\/comments?post=482030"}],"version-history":[{"count":1,"href":"http:\/\/desarrollo.grupomedios.com\/futbol\/wp-json\/wp\/v2\/posts\/482030\/revisions"}],"predecessor-version":[{"id":482032,"href":"http:\/\/desarrollo.grupomedios.com\/futbol\/wp-json\/wp\/v2\/posts\/482030\/revisions\/482032"}],"wp:featuredmedia":[{"embeddable":true,"href":"http:\/\/desarrollo.grupomedios.com\/futbol\/wp-json\/wp\/v2\/media\/482031"}],"wp:attachment":[{"href":"http:\/\/desarrollo.grupomedios.com\/futbol\/wp-json\/wp\/v2\/media?parent=482030"}],"wp:term":[{"taxonomy":"category","embeddable":true,"href":"http:\/\/desarrollo.grupomedios.com\/futbol\/wp-json\/wp\/v2\/categories?post=482030"},{"taxonomy":"post_tag","embeddable":true,"href":"http:\/\/desarrollo.grupomedios.com\/futbol\/wp-json\/wp\/v2\/tags?post=482030"}],"curies":[{"name":"wp","href":"https:\/\/api.w.org\/{rel}","templated":true}]}}