{"id":482034,"date":"2017-06-04T09:56:49","date_gmt":"2017-06-04T14:56:49","guid":{"rendered":"https:\/\/www.futboltotal.com.mx\/?p=482034"},"modified":"2017-06-04T09:56:49","modified_gmt":"2017-06-04T14:56:49","slug":"venezuela-uruguay-se-citan-en-semifinales-del-mundial-sub-20","status":"publish","type":"post","link":"http:\/\/desarrollo.grupomedios.com\/futbol\/futbol-internacional\/venezuela-uruguay-se-citan-en-semifinales-del-mundial-sub-20\/2017\/06","title":{"rendered":"Venezuela y Uruguay avanzan a semifinales del Mundial Sub 20"},"content":{"rendered":"<p class=\"DETALLE_N_titulo \"><span id=\"ctl14_lblMostra\"><strong>Venezuela<\/strong> y <strong>Uruguay<\/strong> se ver\u00e1n las caras en la primera semifinal del <strong>Mundial Sub 20 de Corea del Sur 2017<\/strong> tras vencer respectivamente en cuartos a <strong>Estados Unidos<\/strong> por 2-1 y a <strong>Portugal<\/strong> en la tanda de penaltis (4-5) tras igualar a 2 en el tiempo reglamentario.<\/span><\/p>\n<p>En Jeonju, Venezuela domin\u00f3 de cabo a rabo el partido con los estadounidenses y dispuso de infinidad de ocasiones, pero los goles no llegaron hasta la pr\u00f3rroga, cuando <strong>Pe\u00f1aranda<\/strong> y <strong>Ferraresi<\/strong> sellaron el pase a semifinales.<\/p>\n<p class=\"DETALLE_N_titulo \"><span id=\"ctl14_lblMostra\">Aunque Ebobisse recort\u00f3 distancias a tres minutos del final la <strong><em>Vinotinto<\/em><\/strong> mantuvo el tipo y disputar\u00e1 sus primeras semifinales de un <strong>Mundial Sub 20<\/strong>.<\/span><\/p>\n<p class=\"DETALLE_N_titulo \" style=\"text-align: center;\"><a href=\"https:\/\/www.futboltotal.com.mx\/2017\/06\/jemez-cruz-azul-definen-posiciones-reforzaran-en-draft\/\" target=\"_blank\" rel=\"noopener noreferrer\"><span id=\"ctl14_lblMostra\" style=\"color: #333399;\">VER M\u00c1S: J\u00e9mez y Cruz Azul definen qu\u00e9 posiciones reforzar\u00e1n en el Draft<\/span><\/a><\/p>\n<blockquote class=\"twitter-video\" data-lang=\"es\">\n<p dir=\"ltr\" lang=\"es\"><a href=\"https:\/\/twitter.com\/hashtag\/VinotintoSub20?src=hash\">#VinotintoSub20<\/a> Constancia, esfuerzo y disciplina. Honor a nuestros muchachos y Que viva Venezuela! <a href=\"https:\/\/t.co\/LVbKTMtLld\">pic.twitter.com\/LVbKTMtLld<\/a><\/p>\n<p>\u2014 @EntreTodosProgres (@EntreTodosP) <a href=\"https:\/\/twitter.com\/EntreTodosP\/status\/871314004345593856\">4 de junio de 2017<\/a><\/p><\/blockquote>\n<p><script async src=\"\/\/platform.twitter.com\/widgets.js\" charset=\"utf-8\"><\/script><\/p>\n<p class=\"DETALLE_N_titulo \">\n<p>En Daejeon, Uruguay y Portugal disputaron un encuentro intenso y con mucho suspense, especialmente en la tanda de penaltis, que resolvi\u00f3 Santiago Bueno despu\u00e9s de que el portero <strong>Santiago Mele<\/strong> se erigi\u00f3 en h\u00e9roe al atajar tres disparos consecutivos.<\/p>\n<p>Uruguay logr\u00f3 remontar primero el tanto de Silva y el de Gon\u00e7alvez despu\u00e9s con goles de Bueno y Valverde, que anot\u00f3 de penalti.<\/p>\n<p class=\"DETALLE_N_titulo \" style=\"text-align: center;\"><a href=\"https:\/\/www.futboltotal.com.mx\/2017\/06\/sergio-ramos-ignora-a-mexicano-tras-final-champions\/\" target=\"_blank\" rel=\"noopener noreferrer\"><span id=\"ctl14_lblMostra\" style=\"color: #333399;\">VER M\u00c1S: \u00bfSergio Ramos menospreci\u00f3 a mexicano tras final de Champions?<\/span><\/a><\/p>\n<p>&nbsp;<\/p>\n<blockquote class=\"twitter-video\" data-lang=\"es\">\n<p dir=\"ltr\" lang=\"es\">As\u00ed vivimos el penal decisivo de Santiago Bueno. \u00a1Uruguay es semifinalista del Mundial Sub-20! <a href=\"https:\/\/twitter.com\/hashtag\/UruguayxLaTele?src=hash\">#UruguayxLaTele<\/a> <a href=\"https:\/\/t.co\/evFClsK1GK\">pic.twitter.com\/evFClsK1GK<\/a><\/p>\n<p>\u2014 Teledoce &#x1f4fa; (@teledoce) <a href=\"https:\/\/twitter.com\/teledoce\/status\/871348602907627521\">4 de junio de 2017<\/a><\/p><\/blockquote>\n<p><script async src=\"\/\/platform.twitter.com\/widgets.js\" charset=\"utf-8\"><\/script><\/p>\n<p>Uruguayos y venezolanos tienen ahora cuatro d\u00edas para descansar despu\u00e9s de haber jugado sendas pr\u00f3rrogas. Los dos equipos se ver\u00e1n las caras en Daejeon el 8 de junio.<\/p>\n<p>La otra semifinal la disputar\u00e1n los vencedores de los dos cruces de cuartos que se juegan ma\u00f1ana, el <strong>Italia-Zambia<\/strong> y el <strong>M\u00e9xico-Inglaterra<\/strong>.<\/p>\n<p class=\"DETALLE_N_titulo \" style=\"text-align: center;\"><a href=\"https:\/\/www.futboltotal.com.mx\/2017\/06\/james-rodriguez-se-marcha-sus-companeros-festejan\/\" target=\"_blank\" rel=\"noopener noreferrer\"><span style=\"color: #333399;\">VER M\u00c1S: \u00bfJames Rodr\u00edguez se march\u00f3 mientras sus compa\u00f1eros festejaban?<\/span><\/a><\/p>\n","protected":false},"excerpt":{"rendered":"<p>La Vinotinto y los Charr\u00faas ganaron sus duelos de cuartos de final.<\/p>\n","protected":false},"author":144,"featured_media":482035,"comment_status":"closed","ping_status":"closed","sticky":false,"template":"","format":"standard","meta":[],"categories":[3839],"tags":[310,185,715,503,633],"_links":{"self":[{"href":"http:\/\/desarrollo.grupomedios.com\/futbol\/wp-json\/wp\/v2\/posts\/482034"}],"collection":[{"href":"http:\/\/desarrollo.grupomedios.com\/futbol\/wp-json\/wp\/v2\/posts"}],"about":[{"href":"http:\/\/desarrollo.grupomedios.com\/futbol\/wp-json\/wp\/v2\/types\/post"}],"author":[{"embeddable":true,"href":"http:\/\/desarrollo.grupomedios.com\/futbol\/wp-json\/wp\/v2\/users\/144"}],"replies":[{"embeddable":true,"href":"http:\/\/desarrollo.grupomedios.com\/futbol\/wp-json\/wp\/v2\/comments?post=482034"}],"version-history":[{"count":1,"href":"http:\/\/desarrollo.grupomedios.com\/futbol\/wp-json\/wp\/v2\/posts\/482034\/revisions"}],"predecessor-version":[{"id":482036,"href":"http:\/\/desarrollo.grupomedios.com\/futbol\/wp-json\/wp\/v2\/posts\/482034\/revisions\/482036"}],"wp:featuredmedia":[{"embeddable":true,"href":"http:\/\/desarrollo.grupomedios.com\/futbol\/wp-json\/wp\/v2\/media\/482035"}],"wp:attachment":[{"href":"http:\/\/desarrollo.grupomedios.com\/futbol\/wp-json\/wp\/v2\/media?parent=482034"}],"wp:term":[{"taxonomy":"category","embeddable":true,"href":"http:\/\/desarrollo.grupomedios.com\/futbol\/wp-json\/wp\/v2\/categories?post=482034"},{"taxonomy":"post_tag","embeddable":true,"href":"http:\/\/desarrollo.grupomedios.com\/futbol\/wp-json\/wp\/v2\/tags?post=482034"}],"curies":[{"name":"wp","href":"https:\/\/api.w.org\/{rel}","templated":true}]}}