{"id":482037,"date":"2017-06-04T10:24:25","date_gmt":"2017-06-04T15:24:25","guid":{"rendered":"https:\/\/www.futboltotal.com.mx\/?p=482037"},"modified":"2017-06-04T10:24:25","modified_gmt":"2017-06-04T15:24:25","slug":"chile-morelia-ya-tendria-al-sustituto-raul-ruidiaz","status":"publish","type":"post","link":"http:\/\/desarrollo.grupomedios.com\/futbol\/futbol-mexicano\/chile-morelia-ya-tendria-al-sustituto-raul-ruidiaz\/2017\/06","title":{"rendered":"Desde Chile, Morelia ya tendr\u00eda al sustituto de Ra\u00fal Ruid\u00edaz"},"content":{"rendered":"<p><strong>Morelia<\/strong> sabe que haber logrado la salvaci\u00f3n durante el torneo pasado s\u00f3lo es una parte de la soluci\u00f3n a su problema en la tabla porcentual, pues para el <strong>Apertura 2017<\/strong> a\u00fan tendr\u00e1 un cociente que le complique las cosas, por ello ya tendr\u00eda a su primer refuerzo, quien proviene\u00a0del futbol chileno.<\/p>\n<p>De acuerdo al portal Medio Tiempo, el delantero <strong>Diego Vallejos<\/strong>, futbolista del <strong>Audax Italiano<\/strong>, ha estado en la mira de <em><strong>Monarcas<\/strong> <\/em>desde inicios de este a\u00f1o y en breve se sumar\u00eda al cuadro michoacano para perfilarse como sustituto del peruano <a href=\"https:\/\/www.futboltotal.com.mx\/2017\/06\/raul-ruidiaz-se-dijo-listo-salir-del-morelia\/\" target=\"_blank\" rel=\"noopener noreferrer\"><span style=\"color: #333399;\"><strong>Ra\u00fal Ruid\u00edaz<\/strong>, actual bicampe\u00f3n de goleo en M\u00e9xico y quien estar\u00eda por salir del club<\/span><\/a>.<\/p>\n<p style=\"text-align: center;\"><a href=\"https:\/\/www.futboltotal.com.mx\/2017\/06\/jemez-cruz-azul-definen-posiciones-reforzaran-en-draft\/\" target=\"_blank\" rel=\"noopener noreferrer\"><span style=\"color: #333399;\">VER M\u00c1S: J\u00e9mez y Cruz Azul definen qu\u00e9 posiciones reforzar\u00e1n en el Draft<\/span><\/a><\/p>\n<p><strong>Vallejos<\/strong> cuenta con 27 a\u00f1os y con el Audax marc\u00f3 21 goles en 104 partidos, aunque sus mejores registros los logr\u00f3 con el <strong>Deportes Linares<\/strong> de Segunda Divisi\u00f3n, con el que marc\u00f3 78 anotaciones.<\/p>\n<p>El futbolista chileno en breve estar\u00e1 viajando a M\u00e9xico para definir los \u00faltimos detalles de su contrataci\u00f3n con <strong>Morelia<\/strong> y pasar los respectivos ex\u00e1menes m\u00e9dicos.<\/p>\n<p style=\"text-align: center;\"><a href=\"https:\/\/www.futboltotal.com.mx\/2017\/06\/sergio-ramos-ignora-a-mexicano-tras-final-champions\/\" target=\"_blank\" rel=\"noopener noreferrer\"><span style=\"color: #333399;\">VER M\u00c1S: \u00bfSergio Ramos menospreci\u00f3 a mexicano tras final de la Champions?<\/span><\/a><\/p>\n","protected":false},"excerpt":{"rendered":"<p>Un delantero del Audax Italiano se perfila como sustituto del peruano Ra\u00fal Ruid\u00edaz.<\/p>\n","protected":false},"author":20,"featured_media":482038,"comment_status":"closed","ping_status":"closed","sticky":false,"template":"","format":"standard","meta":[],"categories":[7740,2198,3845],"tags":[8357,8681,85,5967,7620],"_links":{"self":[{"href":"http:\/\/desarrollo.grupomedios.com\/futbol\/wp-json\/wp\/v2\/posts\/482037"}],"collection":[{"href":"http:\/\/desarrollo.grupomedios.com\/futbol\/wp-json\/wp\/v2\/posts"}],"about":[{"href":"http:\/\/desarrollo.grupomedios.com\/futbol\/wp-json\/wp\/v2\/types\/post"}],"author":[{"embeddable":true,"href":"http:\/\/desarrollo.grupomedios.com\/futbol\/wp-json\/wp\/v2\/users\/20"}],"replies":[{"embeddable":true,"href":"http:\/\/desarrollo.grupomedios.com\/futbol\/wp-json\/wp\/v2\/comments?post=482037"}],"version-history":[{"count":1,"href":"http:\/\/desarrollo.grupomedios.com\/futbol\/wp-json\/wp\/v2\/posts\/482037\/revisions"}],"predecessor-version":[{"id":482039,"href":"http:\/\/desarrollo.grupomedios.com\/futbol\/wp-json\/wp\/v2\/posts\/482037\/revisions\/482039"}],"wp:featuredmedia":[{"embeddable":true,"href":"http:\/\/desarrollo.grupomedios.com\/futbol\/wp-json\/wp\/v2\/media\/482038"}],"wp:attachment":[{"href":"http:\/\/desarrollo.grupomedios.com\/futbol\/wp-json\/wp\/v2\/media?parent=482037"}],"wp:term":[{"taxonomy":"category","embeddable":true,"href":"http:\/\/desarrollo.grupomedios.com\/futbol\/wp-json\/wp\/v2\/categories?post=482037"},{"taxonomy":"post_tag","embeddable":true,"href":"http:\/\/desarrollo.grupomedios.com\/futbol\/wp-json\/wp\/v2\/tags?post=482037"}],"curies":[{"name":"wp","href":"https:\/\/api.w.org\/{rel}","templated":true}]}}