{"id":482057,"date":"2017-06-04T13:08:52","date_gmt":"2017-06-04T18:08:52","guid":{"rendered":"https:\/\/www.futboltotal.com.mx\/?p=482057"},"modified":"2017-06-04T13:08:52","modified_gmt":"2017-06-04T18:08:52","slug":"cristiano-ronaldo-festejo-la-champions-nuevo-look","status":"publish","type":"post","link":"http:\/\/desarrollo.grupomedios.com\/futbol\/futbol-internacional\/cristiano-ronaldo-festejo-la-champions-nuevo-look\/2017\/06","title":{"rendered":"\u00a1Cristiano Ronaldo festej\u00f3 la Champions con nuevo look!"},"content":{"rendered":"<p>El mejor futbolista\u00a0de la actualidad, <strong>Cristiano Ronaldo<\/strong>, <a href=\"https:\/\/www.futboltotal.com.mx\/2017\/06\/resultados-juventus-1-4-real-madrid-final-champions-league\/\" target=\"_blank\" rel=\"noopener noreferrer\"><span style=\"color: #333399;\">levant\u00f3 la <strong>Champions League<\/strong> con <strong>Real Madrid<\/strong> tras superar a la <strong>Juventus<\/strong><\/span><\/a>, su cuarta <em><strong>Orejona<\/strong><\/em> de forma individual (ya hab\u00eda ganado una con <strong>Manchester United<\/strong>) y tercera en los \u00faltimos 4 a\u00f1os, por lo que decidi\u00f3 festejarlo a su manera.<\/p>\n<p><em><strong>CR7<\/strong><\/em> sorprendi\u00f3 a sus fans en redes sociales con una imagen suya en la que pregunta &#8220;\u00bfLes gusta?&#8221; y acompa\u00f1a con una selfie en la que aparece con un nuevo look, un corte de cabello distinto a lo que nos tiene acostumbrados.<\/p>\n<p style=\"text-align: center;\"><a href=\"https:\/\/www.futboltotal.com.mx\/2017\/06\/chivas-almeyda-han-decidido-la-chofis-lopez\/\" target=\"_blank\" rel=\"noopener noreferrer\"><span style=\"color: #333399;\">VER M\u00c1S: Chivas y Almeyda han decidido el futuro de la Chofis L\u00f3pez<\/span><\/a><\/p>\n<p>El pelo de <strong>Cristiano<\/strong> aparece corto, no rapado, pero s\u00ed recordando el corte de cabello militar, tal vez haciendo honor a su apodo de <em><strong>El Comandante<\/strong><\/em>. \u00bfQu\u00e9 opinan, a ustedes les gusta?<\/p>\n<p style=\"text-align: center;\"><a href=\"https:\/\/www.futboltotal.com.mx\/2017\/06\/america-prescindiria-uno-sus-paraguayos-la-regla-99\/\" target=\"_blank\" rel=\"noopener noreferrer\"><span style=\"color: #333399;\">VER M\u00c1S: Am\u00e9rica prescindir\u00eda de uno de sus extranjeros por la regla 9\/9<\/span><\/a><\/p>\n<p>&nbsp;<\/p>\n<blockquote class=\"instagram-media\" style=\"background: #FFF; border: 0; border-radius: 3px; box-shadow: 0 0 1px 0 rgba(0,0,0,0.5),0 1px 10px 0 rgba(0,0,0,0.15); margin: 1px; max-width: 658px; padding: 0; width: calc(100% - 2px);\" data-instgrm-captioned=\"\" data-instgrm-version=\"7\">\n<div style=\"padding: 8px;\">\n<div style=\"background: #F8F8F8; line-height: 0; margin-top: 40px; padding: 50.0% 0; text-align: center; width: 100%;\"><\/div>\n<p style=\"margin: 8px 0 0 0; padding: 0 4px;\"><a style=\"color: #000; font-family: Arial,sans-serif; font-size: 14px; font-style: normal; font-weight: normal; line-height: 17px; text-decoration: none; word-wrap: break-word;\" href=\"https:\/\/www.instagram.com\/p\/BU7IqUkFlzb\/\" target=\"_blank\" rel=\"noopener noreferrer\">Do you like it??????&#x1f609;<\/a><\/p>\n<p style=\"color: #c9c8cd; font-family: Arial,sans-serif; font-size: 14px; line-height: 17px; margin-bottom: 0; margin-top: 8px; overflow: hidden; padding: 8px 0 7px; text-align: center; text-overflow: ellipsis; white-space: nowrap;\">Una publicaci\u00f3n compartida de Cristiano Ronaldo (@cristiano) el <time style=\"font-family: Arial,sans-serif; font-size: 14px; line-height: 17px;\" datetime=\"2017-06-04T16:15:00+00:00\">4 de Jun de 2017 a la(s) 9:15 PDT<\/time><\/p>\n<\/div>\n<\/blockquote>\n<p><script async defer src=\"\/\/platform.instagram.com\/en_US\/embeds.js\"><\/script><\/p>\n","protected":false},"excerpt":{"rendered":"<p>El astro portugu\u00e9s Cristiano Ronaldo sorprendi\u00f3 a sus fans con nuevo corte de cabello.<\/p>\n","protected":false},"author":20,"featured_media":477554,"comment_status":"closed","ping_status":"closed","sticky":false,"template":"","format":"standard","meta":[],"categories":[5419,3841,3839,3844],"tags":[36,739,6013,91,8686,2861,5988],"_links":{"self":[{"href":"http:\/\/desarrollo.grupomedios.com\/futbol\/wp-json\/wp\/v2\/posts\/482057"}],"collection":[{"href":"http:\/\/desarrollo.grupomedios.com\/futbol\/wp-json\/wp\/v2\/posts"}],"about":[{"href":"http:\/\/desarrollo.grupomedios.com\/futbol\/wp-json\/wp\/v2\/types\/post"}],"author":[{"embeddable":true,"href":"http:\/\/desarrollo.grupomedios.com\/futbol\/wp-json\/wp\/v2\/users\/20"}],"replies":[{"embeddable":true,"href":"http:\/\/desarrollo.grupomedios.com\/futbol\/wp-json\/wp\/v2\/comments?post=482057"}],"version-history":[{"count":1,"href":"http:\/\/desarrollo.grupomedios.com\/futbol\/wp-json\/wp\/v2\/posts\/482057\/revisions"}],"predecessor-version":[{"id":482058,"href":"http:\/\/desarrollo.grupomedios.com\/futbol\/wp-json\/wp\/v2\/posts\/482057\/revisions\/482058"}],"wp:featuredmedia":[{"embeddable":true,"href":"http:\/\/desarrollo.grupomedios.com\/futbol\/wp-json\/wp\/v2\/media\/477554"}],"wp:attachment":[{"href":"http:\/\/desarrollo.grupomedios.com\/futbol\/wp-json\/wp\/v2\/media?parent=482057"}],"wp:term":[{"taxonomy":"category","embeddable":true,"href":"http:\/\/desarrollo.grupomedios.com\/futbol\/wp-json\/wp\/v2\/categories?post=482057"},{"taxonomy":"post_tag","embeddable":true,"href":"http:\/\/desarrollo.grupomedios.com\/futbol\/wp-json\/wp\/v2\/tags?post=482057"}],"curies":[{"name":"wp","href":"https:\/\/api.w.org\/{rel}","templated":true}]}}