{"id":482095,"date":"2017-06-04T19:59:55","date_gmt":"2017-06-05T00:59:55","guid":{"rendered":"https:\/\/www.futboltotal.com.mx\/?p=482095"},"modified":"2017-06-04T20:02:36","modified_gmt":"2017-06-05T01:02:36","slug":"jugada-fantasia-cristiano-jr-marca-primer-golazo-en-bernabeu","status":"publish","type":"post","link":"http:\/\/desarrollo.grupomedios.com\/futbol\/cambio-de-juego\/jugada-fantasia-cristiano-jr-marca-primer-golazo-en-bernabeu\/2017\/06","title":{"rendered":"\u00a1Jugada de fantas\u00eda y Cristiano Jr. marca su primer GOLAZO en el Bernab\u00e9u!"},"content":{"rendered":"<p>A la espera de la gran celebraci\u00f3n del <strong>Real Madrid<\/strong> por la conquista de la duod\u00e9cima Champions League, el hijo de <strong>Cristiano Jr.<\/strong> acapar\u00f3 los reflectores en el c\u00e9sped del estadio Santiago Bernab\u00e9u y demostr\u00f3 que tiene toda la intenci\u00f3n de ser un<em> crack<\/em> como su padre.<\/p>\n<p>Y es que el peque\u00f1o <em>CR7\u00a0<\/em>ejecut\u00f3 una fant\u00e1stica jugada en la que tir\u00f3 dos regates de consola de videojuego a otros dos hijos de jugadores del Real Madrid y acab\u00f3 moviendo la red con una definici\u00f3n de lujo.<\/p>\n<p style=\"text-align: center;\"><span style=\"color: #3366ff;\"><a style=\"color: #3366ff;\" href=\"https:\/\/www.futboltotal.com.mx\/2017\/06\/fiesta-blanca-real-madrid-celebra-la-12a-champions\/\">VER M\u00c1S: Fiesta blanca del Real Madrid por la conquista de la duod\u00e9cima<\/a><\/span><\/p>\n<blockquote class=\"twitter-video\" data-lang=\"es\">\n<p dir=\"ltr\" lang=\"es\">El hijo de Cristiano va camino de igualar a su padre. <a href=\"https:\/\/t.co\/h6MeKLxt9S\">pic.twitter.com\/h6MeKLxt9S<\/a><\/p>\n<p>\u2014 M\u00e9nez (@MenezRM) <a href=\"https:\/\/twitter.com\/MenezRM\/status\/871479347940659200\">4 de junio de 2017<\/a><\/p><\/blockquote>\n<p><script async src=\"\/\/platform.twitter.com\/widgets.js\" charset=\"utf-8\"><\/script><\/p>\n","protected":false},"excerpt":{"rendered":"<p>El hijo de la leyenda blanca anot\u00f3 su primer gol despu\u00e9s de dos regates espectaculares.<\/p>\n","protected":false},"author":20,"featured_media":482096,"comment_status":"closed","ping_status":"closed","sticky":false,"template":"","format":"standard","meta":[],"categories":[5419],"tags":[5988],"_links":{"self":[{"href":"http:\/\/desarrollo.grupomedios.com\/futbol\/wp-json\/wp\/v2\/posts\/482095"}],"collection":[{"href":"http:\/\/desarrollo.grupomedios.com\/futbol\/wp-json\/wp\/v2\/posts"}],"about":[{"href":"http:\/\/desarrollo.grupomedios.com\/futbol\/wp-json\/wp\/v2\/types\/post"}],"author":[{"embeddable":true,"href":"http:\/\/desarrollo.grupomedios.com\/futbol\/wp-json\/wp\/v2\/users\/20"}],"replies":[{"embeddable":true,"href":"http:\/\/desarrollo.grupomedios.com\/futbol\/wp-json\/wp\/v2\/comments?post=482095"}],"version-history":[{"count":2,"href":"http:\/\/desarrollo.grupomedios.com\/futbol\/wp-json\/wp\/v2\/posts\/482095\/revisions"}],"predecessor-version":[{"id":482098,"href":"http:\/\/desarrollo.grupomedios.com\/futbol\/wp-json\/wp\/v2\/posts\/482095\/revisions\/482098"}],"wp:featuredmedia":[{"embeddable":true,"href":"http:\/\/desarrollo.grupomedios.com\/futbol\/wp-json\/wp\/v2\/media\/482096"}],"wp:attachment":[{"href":"http:\/\/desarrollo.grupomedios.com\/futbol\/wp-json\/wp\/v2\/media?parent=482095"}],"wp:term":[{"taxonomy":"category","embeddable":true,"href":"http:\/\/desarrollo.grupomedios.com\/futbol\/wp-json\/wp\/v2\/categories?post=482095"},{"taxonomy":"post_tag","embeddable":true,"href":"http:\/\/desarrollo.grupomedios.com\/futbol\/wp-json\/wp\/v2\/tags?post=482095"}],"curies":[{"name":"wp","href":"https:\/\/api.w.org\/{rel}","templated":true}]}}