{"id":482099,"date":"2017-06-04T20:20:33","date_gmt":"2017-06-05T01:20:33","guid":{"rendered":"https:\/\/www.futboltotal.com.mx\/?p=482099"},"modified":"2017-06-04T20:23:02","modified_gmt":"2017-06-05T01:23:02","slug":"chapo-montes-define-su-futuro-con-el-leon","status":"publish","type":"post","link":"http:\/\/desarrollo.grupomedios.com\/futbol\/futbol-mexicano\/chapo-montes-define-su-futuro-con-el-leon\/2017\/06","title":{"rendered":"Chapo Montes define su futuro con el Le\u00f3n"},"content":{"rendered":"<p>El mediocampista del <strong>Le\u00f3n<\/strong>, <strong>Luis Montes<\/strong>, no dejar\u00e1 la Liga MX para emigrar a la MLS. Su futuro est\u00e1 definido y para el pr\u00f3ximo Apertura 2017 seguir\u00e1 defendiendo la camiseta <em>esmeralda.\u00a0<\/em><\/p>\n<p>A pesar de que el <em><strong>Chapo <\/strong><\/em><strong>Montes\u00a0<\/strong>termin\u00f3 contrato con el Le\u00f3n en d\u00edas pasados y, presuntamente, ten\u00eda un acuerdo de palabra para fichar con el club <strong>Colorado Rapids,\u00a0<\/strong>este domingo, su esposa Nadia God\u00ednez revel\u00f3 que no habr\u00e1 cambio de aires.<\/p>\n<p style=\"text-align: center;\"><span style=\"color: #3366ff;\"><a style=\"color: #3366ff;\" href=\"https:\/\/www.futboltotal.com.mx\/2017\/06\/futbol-estufa-rumores-y-fichajes-rumbo-al-apertura-2017-la-liga-mx\/\">VER M\u00c1S: Futbol de estufa Apertura 2017<\/a><\/span><\/p>\n<blockquote>\n<p style=\"text-align: left;\">&#8220;Y nos quedamos otro tiempo en esta linda ciudad que nos ha acogido ya por 6 a\u00f1os!&#8221;, public\u00f3 la actual pareja de Montes en su cuenta de twitter.<\/p>\n<\/blockquote>\n<blockquote class=\"twitter-tweet\" data-lang=\"es\">\n<p dir=\"ltr\" lang=\"es\">Y nos quedamos otro tiempo en esta linda ciudad que nos ha acogido ya por 6 a\u00f1os ! <a href=\"https:\/\/twitter.com\/Chapomontes10\">@Chapomontes10<\/a> te amo, gracias <a href=\"https:\/\/t.co\/6P941A4CIG\">pic.twitter.com\/6P941A4CIG<\/a><\/p>\n<p>\u2014 Nadia godinez (@nadiagodinezz) <a href=\"https:\/\/twitter.com\/nadiagodinezz\/status\/871486135339372544\">4 de junio de 2017<\/a><\/p><\/blockquote>\n<p><script async src=\"\/\/platform.twitter.com\/widgets.js\" charset=\"utf-8\"><\/script><\/p>\n<p>Ahora solo falta que el club Le\u00f3n oficialice la renovaci\u00f3n del <strong>Chapo Montes<\/strong>, quien a sus 31 a\u00f1os vivir\u00e1 en el Apertura 2017 su duod\u00e9cimo torneo corto con los Panzas Verdes, tras haber fichado con el club en 2011 cuando el club aun estaba en la divisi\u00f3n de ascenso.<\/p>\n","protected":false},"excerpt":{"rendered":"<p>El mediocampista, de 31 a\u00f1os, ya no ir\u00e1 a la MLS.<\/p>\n","protected":false},"author":20,"featured_media":482103,"comment_status":"closed","ping_status":"closed","sticky":false,"template":"","format":"standard","meta":[],"categories":[2198,3845],"tags":[8687,5965],"_links":{"self":[{"href":"http:\/\/desarrollo.grupomedios.com\/futbol\/wp-json\/wp\/v2\/posts\/482099"}],"collection":[{"href":"http:\/\/desarrollo.grupomedios.com\/futbol\/wp-json\/wp\/v2\/posts"}],"about":[{"href":"http:\/\/desarrollo.grupomedios.com\/futbol\/wp-json\/wp\/v2\/types\/post"}],"author":[{"embeddable":true,"href":"http:\/\/desarrollo.grupomedios.com\/futbol\/wp-json\/wp\/v2\/users\/20"}],"replies":[{"embeddable":true,"href":"http:\/\/desarrollo.grupomedios.com\/futbol\/wp-json\/wp\/v2\/comments?post=482099"}],"version-history":[{"count":1,"href":"http:\/\/desarrollo.grupomedios.com\/futbol\/wp-json\/wp\/v2\/posts\/482099\/revisions"}],"predecessor-version":[{"id":482101,"href":"http:\/\/desarrollo.grupomedios.com\/futbol\/wp-json\/wp\/v2\/posts\/482099\/revisions\/482101"}],"wp:featuredmedia":[{"embeddable":true,"href":"http:\/\/desarrollo.grupomedios.com\/futbol\/wp-json\/wp\/v2\/media\/482103"}],"wp:attachment":[{"href":"http:\/\/desarrollo.grupomedios.com\/futbol\/wp-json\/wp\/v2\/media?parent=482099"}],"wp:term":[{"taxonomy":"category","embeddable":true,"href":"http:\/\/desarrollo.grupomedios.com\/futbol\/wp-json\/wp\/v2\/categories?post=482099"},{"taxonomy":"post_tag","embeddable":true,"href":"http:\/\/desarrollo.grupomedios.com\/futbol\/wp-json\/wp\/v2\/tags?post=482099"}],"curies":[{"name":"wp","href":"https:\/\/api.w.org\/{rel}","templated":true}]}}