{"id":482106,"date":"2017-06-04T21:19:06","date_gmt":"2017-06-05T02:19:06","guid":{"rendered":"https:\/\/www.futboltotal.com.mx\/?p=482106"},"modified":"2017-06-04T21:21:10","modified_gmt":"2017-06-05T02:21:10","slug":"memo-ochoa-valora-dos-oferta-de-dos-clubes-espanoles","status":"publish","type":"post","link":"http:\/\/desarrollo.grupomedios.com\/futbol\/destacado-home\/memo-ochoa-valora-dos-oferta-de-dos-clubes-espanoles\/2017\/06","title":{"rendered":"Clubs espa\u00f1oles pujan por fichar a Memo Ochoa"},"content":{"rendered":"<p>Mientras el portero <strong>Guillermo Ochoa<\/strong> se encuentra plenamente concentrado con la Selecci\u00f3n Mexicana, de cara a los duelos de eliminatoria mundialista ante Honduras y Estados Unidos, la prensa espa\u00f1ola habla del mexicano y su posible contrataci\u00f3n con el Deportivo La Coru\u00f1a o Las Palmas en el pr\u00f3ximo mercado de fichajes.<\/p>\n<p>El diario <em>Ideal Gallego\u00a0<\/em>afirma que el par de clubes espa\u00f1oles tiene gran inter\u00e9s en contar con <strong>Ochoa Maga\u00f1a<\/strong> y es el <em>Depor <\/em>el que no quita el dedo el rengl\u00f3n al buscarlo como el recambio de Germ\u00e1n Lux, quien no renovar\u00e1 el contrato que termin\u00f3 en d\u00edas pasados.<\/p>\n<p style=\"text-align: center;\"><span style=\"color: #3366ff;\"><a style=\"color: #3366ff;\" href=\"https:\/\/www.futboltotal.com.mx\/2017\/05\/ochoa-acusa-agachones-a-companeros-del-granada\/\">VER M\u00c1S: Ochoa acusa de agachones a compa\u00f1eros del Granada<\/a><\/span><\/p>\n<blockquote><p>&#8220;A\u00a0d\u00eda de hoy los dos clubes que con m\u00e1s fuerza est\u00e1n pujando por \u00e9l son el Depor y la UD Las Palmas&#8221;, apunta el informe del diario espa\u00f1ol, que tambi\u00e9n retoma declaraciones de Jorge Berlanga, representante de Ochoa, a la prensa mexicana y enfatiza: &#8220;Ochoa sigue siendo el principal candidato a sustituir a Lux&#8221;.<\/p><\/blockquote>\n<p><a href=\"https:\/\/www.futboltotal.com.mx\/wp-content\/uploads\/2017\/06\/Ochoa.jpg\"><img decoding=\"async\" loading=\"lazy\" class=\"alignnone size-full wp-image-482107\" src=\"https:\/\/www.futboltotal.com.mx\/wp-content\/uploads\/2017\/06\/Ochoa.jpg\" alt=\"Clubs espa\u00f1oles pujan por fichar a Memo Ochoa 0\" srcset=\"http:\/\/desarrollo.grupomedios.com\/futbol\/wp-content\/uploads\/2017\/06\/Ochoa.jpg 631w, http:\/\/desarrollo.grupomedios.com\/futbol\/wp-content\/uploads\/2017\/06\/Ochoa-300x281.jpg 300w\" sizes=\"(max-width: 631px) 100vw, 631px\" \/><\/a><\/p>\n<p>Fue hace un par de semana cuando <strong>Ochoa<\/strong> fue vinculado con Las Palmas, club que esta campa\u00f1a certific\u00f3 su permanencia en Primera Divisi\u00f3n y que no ha definido la continuidad de los arqueros Ra\u00fal Lizoain y Javi Varas, cuyos contratos finalizaron en la campa\u00f1a reci\u00e9n concluida.<\/p>\n<blockquote><p>&#8220;El Deportivo se ha fijado en un portero de fama mundial, conocedor de la liga espa\u00f1ola, ya que ha actuado en el M\u00e1laga y en el Granada&#8221;, agrega el diario, que no precisa detalles del par de eventuales ofertas.<\/p><\/blockquote>\n<p>Al margen de ello, lo cierto es que<strong> Ochoa<\/strong> est\u00e1 muy cerca de obtener la nacionalidad espa\u00f1ola y con ello dejar\u00e1 de ocupar una plaza extracomunitaria, facilitando su continuidad con alguno de los clubes ib\u00e9ricos.<\/p>\n<p>El portero mexicano ya dej\u00f3 claro que su prioridad es seguir en el futbol europeo y ser\u00e1 hasta despu\u00e9s de su participaci\u00f3n con M\u00e9xico que defina donde jugar\u00e1 en la campa\u00f1a 2017-18.<\/p>\n","protected":false},"excerpt":{"rendered":"<p>El Deportivo no quita el dedo del rengl\u00f3n y quiere al mexicano para la pr\u00f3xima campa\u00f1a.<\/p>\n","protected":false},"author":20,"featured_media":482108,"comment_status":"closed","ping_status":"closed","sticky":false,"template":"","format":"standard","meta":[],"categories":[5,2198,3845],"tags":[679],"_links":{"self":[{"href":"http:\/\/desarrollo.grupomedios.com\/futbol\/wp-json\/wp\/v2\/posts\/482106"}],"collection":[{"href":"http:\/\/desarrollo.grupomedios.com\/futbol\/wp-json\/wp\/v2\/posts"}],"about":[{"href":"http:\/\/desarrollo.grupomedios.com\/futbol\/wp-json\/wp\/v2\/types\/post"}],"author":[{"embeddable":true,"href":"http:\/\/desarrollo.grupomedios.com\/futbol\/wp-json\/wp\/v2\/users\/20"}],"replies":[{"embeddable":true,"href":"http:\/\/desarrollo.grupomedios.com\/futbol\/wp-json\/wp\/v2\/comments?post=482106"}],"version-history":[{"count":2,"href":"http:\/\/desarrollo.grupomedios.com\/futbol\/wp-json\/wp\/v2\/posts\/482106\/revisions"}],"predecessor-version":[{"id":482110,"href":"http:\/\/desarrollo.grupomedios.com\/futbol\/wp-json\/wp\/v2\/posts\/482106\/revisions\/482110"}],"wp:featuredmedia":[{"embeddable":true,"href":"http:\/\/desarrollo.grupomedios.com\/futbol\/wp-json\/wp\/v2\/media\/482108"}],"wp:attachment":[{"href":"http:\/\/desarrollo.grupomedios.com\/futbol\/wp-json\/wp\/v2\/media?parent=482106"}],"wp:term":[{"taxonomy":"category","embeddable":true,"href":"http:\/\/desarrollo.grupomedios.com\/futbol\/wp-json\/wp\/v2\/categories?post=482106"},{"taxonomy":"post_tag","embeddable":true,"href":"http:\/\/desarrollo.grupomedios.com\/futbol\/wp-json\/wp\/v2\/tags?post=482106"}],"curies":[{"name":"wp","href":"https:\/\/api.w.org\/{rel}","templated":true}]}}