{"id":482115,"date":"2017-06-05T09:53:54","date_gmt":"2017-06-05T14:53:54","guid":{"rendered":"https:\/\/www.futboltotal.com.mx\/?p=482115"},"modified":"2017-06-05T09:53:54","modified_gmt":"2017-06-05T14:53:54","slug":"eduardo-herrera-ya-esta-en-glasgow-pumas-confirma-venta-al-rangers","status":"publish","type":"post","link":"http:\/\/desarrollo.grupomedios.com\/futbol\/destacado-home\/eduardo-herrera-ya-esta-en-glasgow-pumas-confirma-venta-al-rangers\/2017\/06","title":{"rendered":"Lalo Herrera ya est\u00e1 en Glasgow y Pumas confirma venta al Rangers"},"content":{"rendered":"<p>El rumor va tomando forma y <strong>Eduardo Herrera<\/strong>, delantero de los <strong>Pumas<\/strong> que el pasado semestre jug\u00f3 para el <strong>Veracruz<\/strong>, est\u00e1 a punto de ser parte de los <strong>mexicanos en Europa<\/strong>, luego de que fuera captado en el aeropuerto de <strong>Glasgow<\/strong>, <strong>Escocia<\/strong> para arreglar su contrataci\u00f3n con el <strong>Rangers<\/strong>.<\/p>\n<p><strong>Lalo Herrera<\/strong> fue captado por el fot\u00f3grafo Willie Vass, quien ya sab\u00eda que algunos refuerzos del <strong>Rangers<\/strong> llegar\u00edan y logr\u00f3 captar el momento en el que el delantero formado en <strong>Pumas<\/strong> llegaba al pa\u00eds brit\u00e1nico, quien no tuvo m\u00e1s remedio que posar para su lente.<\/p>\n<p style=\"text-align: center;\"><a href=\"https:\/\/www.futboltotal.com.mx\/2017\/06\/memo-ochoa-valora-dos-oferta-de-dos-clubes-espanoles\/\" target=\"_blank\" rel=\"noopener noreferrer\"><span style=\"color: #333399;\">VER M\u00c1S: Clubes espa\u00f1oles pujan por fichaje de Memo Ochoa<\/span><\/a><\/p>\n<p>&nbsp;<\/p>\n<blockquote class=\"twitter-tweet\" data-lang=\"es\">\n<p dir=\"ltr\" lang=\"en\">Welcome to big striker <a href=\"https:\/\/twitter.com\/LaloHerrera15\">@LaloHerrera15<\/a> as he arrives in Glasgow this evening to have signing talks with Rangers <a href=\"https:\/\/t.co\/8xmKH2ylMt\">pic.twitter.com\/8xmKH2ylMt<\/a><\/p>\n<p>\u2014 Willie Vass (@WillieVass) <a href=\"https:\/\/twitter.com\/WillieVass\/status\/871465098610700289\">4 de junio de 2017<\/a><\/p><\/blockquote>\n<p><script async src=\"\/\/platform.twitter.com\/widgets.js\" charset=\"utf-8\"><\/script><\/p>\n<p>Incluso, algunos fan\u00e1ticos del Rangers se percataron de la llegada de Herrera y no dudaron en saludarlo y platicar con el espigado delantero.<\/p>\n<p>&nbsp;<\/p>\n<blockquote class=\"twitter-tweet\" data-lang=\"es\">\n<p dir=\"ltr\" lang=\"en\">Random passengers awestruck by the big man as he glides through arrivals &#x1f606;&#x1f606;&#x1f606; <a href=\"https:\/\/t.co\/ACelPrtzrs\">pic.twitter.com\/ACelPrtzrs<\/a><\/p>\n<p>\u2014 Willie Vass (@WillieVass) <a href=\"https:\/\/twitter.com\/WillieVass\/status\/871469269590188034\">4 de junio de 2017<\/a><\/p><\/blockquote>\n<p><script async src=\"\/\/platform.twitter.com\/widgets.js\" charset=\"utf-8\"><\/script><\/p>\n<p>Por su parte, el presidente de <strong>Pumas<\/strong>, <strong>Rodrigo Ares de Parga<\/strong>, confirm\u00f3 que el goleador\u00a0fue vendido al <strong>Rangers<\/strong>, aunque el cuadro de la UNAM tuvo que sacrificar en la parte econ\u00f3mica.<\/p>\n<p>&#8220;El club hizo un gran esfuerzo en lo econ\u00f3mico para aceptar una oferta de un club europeo, por que a <strong>Lalo <\/strong>de hac\u00eda ilusi\u00f3n salir a jugar a Europa, adem\u00e1s a un club grande europeo, a una Liga no muy poderosa, pero a uno de los dos clubes m\u00e1s importantes de Escocia.<\/p>\n<p>&#8220;Va a pasar los ex\u00e1menes m\u00e9dicos esta semana y estaremos finiquitando la transferencia el jueves o viernes. Es venta definitiva&#8221;, confirm\u00f3 el directivo en entrevista con el diario R\u00e9cord.<\/p>\n<p>Incluso el t\u00e9cnico portugu\u00e9s <strong>Pedro Caixinha<\/strong>, conocido de la Liga MX por haber sido campe\u00f3n con <strong>Santos Laguna<\/strong> y principal promotor del fichaje de jugadores como Herrera y <span style=\"color: #333399;\"><a style=\"color: #333399;\" href=\"https:\/\/www.futboltotal.com.mx\/2017\/06\/sueno-europeo-gullit-pena-derribado-leyes\/\" target=\"_blank\" rel=\"noopener noreferrer\"><strong>Carlos <em>Gullit<\/em> Pe\u00f1a<\/strong><\/a><\/span>, apareci\u00f3 en el aeropuerto de Glasgow para darle la bienvenida a fichajes como el caso de\u00a0Dalcio y\u00a0Fabio Cardoso.<\/p>\n<p style=\"text-align: center;\"><a href=\"https:\/\/www.futboltotal.com.mx\/2017\/06\/futbol-estufa-rumores-y-fichajes-rumbo-al-apertura-2017-la-liga-mx\/\" target=\"_blank\" rel=\"noopener noreferrer\"><span style=\"color: #333399;\">VER M\u00c1S: Futbol de estufa | Rumbo al Apertura 2017 de la Liga MX<\/span><\/a><\/p>\n<p>&nbsp;<\/p>\n<blockquote class=\"twitter-tweet\" data-lang=\"es\">\n<p dir=\"ltr\" lang=\"en\">Pedro Caixinha wishes Fabio Cardoso and Dalcio well after they arrive in Glasgow this morning from Lisbon <a href=\"https:\/\/t.co\/iGfEM7SJWB\">pic.twitter.com\/iGfEM7SJWB<\/a><\/p>\n<p>\u2014 Willie Vass (@WillieVass) <a href=\"https:\/\/twitter.com\/WillieVass\/status\/871514274161733632\">4 de junio de 2017<\/a><\/p><\/blockquote>\n<p><script async src=\"\/\/platform.twitter.com\/widgets.js\" charset=\"utf-8\"><\/script><\/p>\n","protected":false},"excerpt":{"rendered":"<p>El delantero Eduardo Herrera viaj\u00f3 para definir su contrataci\u00f3n con el Rangers.<\/p>\n","protected":false},"author":20,"featured_media":482116,"comment_status":"closed","ping_status":"closed","sticky":false,"template":"","format":"standard","meta":[],"categories":[5,7740,3839,2198,3845,6718],"tags":[1140,1237,8689,64,4545,74],"_links":{"self":[{"href":"http:\/\/desarrollo.grupomedios.com\/futbol\/wp-json\/wp\/v2\/posts\/482115"}],"collection":[{"href":"http:\/\/desarrollo.grupomedios.com\/futbol\/wp-json\/wp\/v2\/posts"}],"about":[{"href":"http:\/\/desarrollo.grupomedios.com\/futbol\/wp-json\/wp\/v2\/types\/post"}],"author":[{"embeddable":true,"href":"http:\/\/desarrollo.grupomedios.com\/futbol\/wp-json\/wp\/v2\/users\/20"}],"replies":[{"embeddable":true,"href":"http:\/\/desarrollo.grupomedios.com\/futbol\/wp-json\/wp\/v2\/comments?post=482115"}],"version-history":[{"count":1,"href":"http:\/\/desarrollo.grupomedios.com\/futbol\/wp-json\/wp\/v2\/posts\/482115\/revisions"}],"predecessor-version":[{"id":482117,"href":"http:\/\/desarrollo.grupomedios.com\/futbol\/wp-json\/wp\/v2\/posts\/482115\/revisions\/482117"}],"wp:featuredmedia":[{"embeddable":true,"href":"http:\/\/desarrollo.grupomedios.com\/futbol\/wp-json\/wp\/v2\/media\/482116"}],"wp:attachment":[{"href":"http:\/\/desarrollo.grupomedios.com\/futbol\/wp-json\/wp\/v2\/media?parent=482115"}],"wp:term":[{"taxonomy":"category","embeddable":true,"href":"http:\/\/desarrollo.grupomedios.com\/futbol\/wp-json\/wp\/v2\/categories?post=482115"},{"taxonomy":"post_tag","embeddable":true,"href":"http:\/\/desarrollo.grupomedios.com\/futbol\/wp-json\/wp\/v2\/tags?post=482115"}],"curies":[{"name":"wp","href":"https:\/\/api.w.org\/{rel}","templated":true}]}}