{"id":482129,"date":"2017-06-05T12:52:46","date_gmt":"2017-06-05T17:52:46","guid":{"rendered":"https:\/\/www.futboltotal.com.mx\/?p=482129"},"modified":"2017-06-05T12:52:46","modified_gmt":"2017-06-05T17:52:46","slug":"benfica-ficha-a-seferovic-y-le-pone-competencia-a-raul-jimenez","status":"publish","type":"post","link":"http:\/\/desarrollo.grupomedios.com\/futbol\/futbol-internacional\/benfica-ficha-a-seferovic-y-le-pone-competencia-a-raul-jimenez\/2017\/06","title":{"rendered":"Benfica ficha a Seferovic y le pone competencia a Ra\u00fal Jim\u00e9nez"},"content":{"rendered":"<p>El delantero mexicano<strong> Ra\u00fal Jim\u00e9nez<\/strong> tendr\u00e1 m\u00e1s competencia en el<strong> Benfica<\/strong>, pues el club portugu\u00e9s ha contrato al suizo <strong>Haris Seferovic<\/strong> para la pr\u00f3xima temporada.<\/p>\n<p>El ex atacante de la Real Sociedad y del <strong>Eintracht Frankfurt<\/strong>, donde comparti\u00f3 vestidor con Marco Fabi\u00e1n, se incorporar\u00e1 a las <em>\u00c1guilas<\/em> como el cuarto delantero del club, pues adem\u00e1s de <strong>Jim\u00e9nez<\/strong>, tambi\u00e9n est\u00e1n el brasile\u00f1o Jonas y el griego Kostas Mitroglu.<\/p>\n<p style=\"text-align: center;\"><span style=\"color: #3366ff;\"><a style=\"color: #3366ff;\" href=\"https:\/\/www.futboltotal.com.mx\/2017\/06\/toluca-se-interpondria-a-cruz-azul-fichar-a-ismael-sosa\/\">VER M\u00c1S: Toluca se interpondr\u00eda a Cruz Azul para fichar a Ismael Sosa<\/a><\/span><\/p>\n<p>El suizo no tuvo una buena campa\u00f1a con el Eintracht en la Bundesliga, pues apenas pudo marcar 3 goles en los 25 partidos que disput\u00f3.<\/p>\n<p>Por su parte, el mexicano sum\u00f3 13 goles en los 32 partidos que disput\u00f3, aunque tres de ellos fueron clave para que al final de la temporada el <strong>Benfica<\/strong> ganara el t\u00edtulo de la Liga de Portugal.<\/p>\n<p>Con la llegada de Seferovic, tambi\u00e9n se especula sobre una posible salida de<strong> Jim\u00e9nez<\/strong> del club, \u00a0pues ofertas del futbol de china y de Espa\u00f1a han sonado fuerte por el mexicano.<\/p>\n<p style=\"text-align: center;\"><span style=\"color: #3366ff;\"><a style=\"color: #3366ff;\" href=\"https:\/\/www.futboltotal.com.mx\/2017\/06\/eduardo-herrera-ya-esta-en-glasgow-pumas-confirma-venta-al-rangers\/\">VER M\u00c1S: Lalo Herrera ya est\u00e1 en Glasgow y Pumas confirma venta al Rangers<\/a><\/span><\/p>\n","protected":false},"excerpt":{"rendered":"<p>Las \u00c1guilas ya tendr\u00e1n cuatro delanteros con la nueva incorporaci\u00f3n.<\/p>\n","protected":false},"author":20,"featured_media":482133,"comment_status":"closed","ping_status":"closed","sticky":false,"template":"","format":"standard","meta":[],"categories":[3839],"tags":[6060,6214,742],"_links":{"self":[{"href":"http:\/\/desarrollo.grupomedios.com\/futbol\/wp-json\/wp\/v2\/posts\/482129"}],"collection":[{"href":"http:\/\/desarrollo.grupomedios.com\/futbol\/wp-json\/wp\/v2\/posts"}],"about":[{"href":"http:\/\/desarrollo.grupomedios.com\/futbol\/wp-json\/wp\/v2\/types\/post"}],"author":[{"embeddable":true,"href":"http:\/\/desarrollo.grupomedios.com\/futbol\/wp-json\/wp\/v2\/users\/20"}],"replies":[{"embeddable":true,"href":"http:\/\/desarrollo.grupomedios.com\/futbol\/wp-json\/wp\/v2\/comments?post=482129"}],"version-history":[{"count":1,"href":"http:\/\/desarrollo.grupomedios.com\/futbol\/wp-json\/wp\/v2\/posts\/482129\/revisions"}],"predecessor-version":[{"id":482134,"href":"http:\/\/desarrollo.grupomedios.com\/futbol\/wp-json\/wp\/v2\/posts\/482129\/revisions\/482134"}],"wp:featuredmedia":[{"embeddable":true,"href":"http:\/\/desarrollo.grupomedios.com\/futbol\/wp-json\/wp\/v2\/media\/482133"}],"wp:attachment":[{"href":"http:\/\/desarrollo.grupomedios.com\/futbol\/wp-json\/wp\/v2\/media?parent=482129"}],"wp:term":[{"taxonomy":"category","embeddable":true,"href":"http:\/\/desarrollo.grupomedios.com\/futbol\/wp-json\/wp\/v2\/categories?post=482129"},{"taxonomy":"post_tag","embeddable":true,"href":"http:\/\/desarrollo.grupomedios.com\/futbol\/wp-json\/wp\/v2\/tags?post=482129"}],"curies":[{"name":"wp","href":"https:\/\/api.w.org\/{rel}","templated":true}]}}