{"id":482132,"date":"2017-06-05T13:17:33","date_gmt":"2017-06-05T18:17:33","guid":{"rendered":"https:\/\/www.futboltotal.com.mx\/?p=482132"},"modified":"2017-06-05T13:17:33","modified_gmt":"2017-06-05T18:17:33","slug":"piojo-herrera-anuncio-no-hay-transferibles-en-america","status":"publish","type":"post","link":"http:\/\/desarrollo.grupomedios.com\/futbol\/destacado-home\/piojo-herrera-anuncio-no-hay-transferibles-en-america\/2017\/06","title":{"rendered":"Piojo Herrera anunci\u00f3 que no hay transferibles en Am\u00e9rica"},"content":{"rendered":"<p><strong>Miguel<\/strong> <strong>Herrera<\/strong> fue tajante sobre las especulaciones de llegadas y salidas de la plantilla del <strong>Am\u00e9rica<\/strong>, asegurando que el equipo ha decidido no poner transferible a ning\u00fan jugador.<\/p>\n<p>&#8220;No es limpiar la casa, sino reforzarla. No hay transferibles&#8221;, asegur\u00f3 el <em><strong>Piojo<\/strong><\/em> durante la conferencia de prensa de\u00a0las \u00c1guilas al inicio de su pretemporada.<\/p>\n<p>Pese a lo anterior, Herrera no descarta que alg\u00fan futbolista azulcrema deje el Nido, aunque eso depender\u00e1 de que durante el Draft de Transferencias llegue un jugador que cubra la posici\u00f3n.<\/p>\n<p style=\"text-align: center;\"><a href=\"https:\/\/www.futboltotal.com.mx\/2017\/06\/toluca-se-interpondria-a-cruz-azul-fichar-a-ismael-sosa\/\" target=\"_blank\" rel=\"noopener noreferrer\"><span style=\"color: #333399;\">VER M\u00c1S: Toluca se interpondr\u00eda a Cruz Azul para fichar a Ismael Sosa<\/span><\/a><\/p>\n<p>&#8220;Vamos a buscar lo que realmente necesitamos, si alguien pide a un jugador de <strong>Am\u00e9rica <\/strong>y puede salir sin afectar al equipo saldr\u00e1&#8221;, mencion\u00f3.<\/p>\n<p>El caso del argentino <strong>Guido Rodr\u00edguez<\/strong> fue un tema en las declaraciones del <em><strong>Piojo<\/strong><\/em>, quien acept\u00f3 que desear\u00eda incorporar al futbolista que dirigi\u00f3 en <em><strong>Xolos<\/strong><\/em>.<\/p>\n<p>&#8220;S\u00ed me interesa, podr\u00eda venir, solamente que lleguen a un acuerdo las directivas, pero todav\u00eda no est\u00e1 arreglado, todav\u00eda no hay nada&#8221;, dijo el entrenador.<\/p>\n<p style=\"text-align: center;\"><a href=\"https:\/\/www.futboltotal.com.mx\/2017\/06\/eduardo-herrera-ya-esta-en-glasgow-pumas-confirma-venta-al-rangers\/\" target=\"_blank\" rel=\"noopener noreferrer\"><span style=\"color: #333399;\">VER M\u00c1S: Lalo Herrera ya est\u00e1 en Glasgow y Pumas confirma venta al Rangers<\/span><\/a><\/p>\n<p>Adem\u00e1s, tuvo tiempo de responder cuestiones sobre el futuro de tres futbolistas, William Da Silva, Javier G\u00fcemez y Miguel Samudio, de quienes se ha especulado sobre su partida de las \u00c1guilas.<\/p>\n<p>&#8220;De los tres que dices William est\u00e1 m\u00e1s firme que nunca y los otros dos, G\u00fcemez hay equipos que lo est\u00e1n pidiendo, si hay forma de sumar para lo que nosotros queremos, podr\u00eda salir, si no, es un jugador que me agradar\u00eda que se quedara&#8221;, mencion\u00f3.<\/p>\n<p>Finalmente, <strong>Herrera<\/strong> no dej\u00f3 pasar la oportunidad para resaltar el trabajo que hizo con las <em><strong>\u00c1guilas<\/strong><\/em> su maestro y antecesor en el club, <strong>Ricardo Antonio La Volpe<\/strong>.<\/p>\n<p><strong>&#8220;La Volpe<\/strong> dej\u00f3 jugadores bien en la cantera, sum\u00f3 gente y aprovecharemos eso; que el <strong>Am\u00e9rica <\/strong>vuelva a ser gente de cantera la que de solidez&#8221;, concluy\u00f3.<\/p>\n<p style=\"text-align: center;\"><a href=\"https:\/\/www.futboltotal.com.mx\/2017\/06\/benfica-ficha-a-seferovic-y-le-pone-competencia-a-raul-jimenez\/\" target=\"_blank\" rel=\"noopener noreferrer\"><span style=\"color: #333399;\">VER M\u00c1S: Benfica fich\u00f3 a Seferovic y le pone competencia a Ra\u00fal Jim\u00e9nez<\/span><\/a><\/p>\n","protected":false},"excerpt":{"rendered":"<p>Miguel Herrera no descarta que alg\u00fan futbolista azulcrema deje el Nido.<\/p>\n","protected":false},"author":20,"featured_media":482136,"comment_status":"closed","ping_status":"closed","sticky":false,"template":"","format":"standard","meta":[],"categories":[5,7740,2198,3845],"tags":[1585,5959,8357,64,3044,6157,1665],"_links":{"self":[{"href":"http:\/\/desarrollo.grupomedios.com\/futbol\/wp-json\/wp\/v2\/posts\/482132"}],"collection":[{"href":"http:\/\/desarrollo.grupomedios.com\/futbol\/wp-json\/wp\/v2\/posts"}],"about":[{"href":"http:\/\/desarrollo.grupomedios.com\/futbol\/wp-json\/wp\/v2\/types\/post"}],"author":[{"embeddable":true,"href":"http:\/\/desarrollo.grupomedios.com\/futbol\/wp-json\/wp\/v2\/users\/20"}],"replies":[{"embeddable":true,"href":"http:\/\/desarrollo.grupomedios.com\/futbol\/wp-json\/wp\/v2\/comments?post=482132"}],"version-history":[{"count":1,"href":"http:\/\/desarrollo.grupomedios.com\/futbol\/wp-json\/wp\/v2\/posts\/482132\/revisions"}],"predecessor-version":[{"id":482137,"href":"http:\/\/desarrollo.grupomedios.com\/futbol\/wp-json\/wp\/v2\/posts\/482132\/revisions\/482137"}],"wp:featuredmedia":[{"embeddable":true,"href":"http:\/\/desarrollo.grupomedios.com\/futbol\/wp-json\/wp\/v2\/media\/482136"}],"wp:attachment":[{"href":"http:\/\/desarrollo.grupomedios.com\/futbol\/wp-json\/wp\/v2\/media?parent=482132"}],"wp:term":[{"taxonomy":"category","embeddable":true,"href":"http:\/\/desarrollo.grupomedios.com\/futbol\/wp-json\/wp\/v2\/categories?post=482132"},{"taxonomy":"post_tag","embeddable":true,"href":"http:\/\/desarrollo.grupomedios.com\/futbol\/wp-json\/wp\/v2\/tags?post=482132"}],"curies":[{"name":"wp","href":"https:\/\/api.w.org\/{rel}","templated":true}]}}