{"id":482138,"date":"2017-06-05T13:27:06","date_gmt":"2017-06-05T18:27:06","guid":{"rendered":"https:\/\/www.futboltotal.com.mx\/?p=482138"},"modified":"2017-06-05T13:27:06","modified_gmt":"2017-06-05T18:27:06","slug":"theo-hernandez-refuerzo-del-real-madrid-acusado-violacion","status":"publish","type":"post","link":"http:\/\/desarrollo.grupomedios.com\/futbol\/futbol-internacional\/theo-hernandez-refuerzo-del-real-madrid-acusado-violacion\/2017\/06","title":{"rendered":"Theo Hern\u00e1ndez, refuerzo del Real Madrid, acusado de violaci\u00f3n"},"content":{"rendered":"<p>El futbolista <strong>Theo Hern\u00e1ndez<\/strong> ha prestado declaraci\u00f3n en la comisar\u00eda de Marbella (M\u00e1laga) en relaci\u00f3n con una <strong>denuncia<\/strong> presentada por una joven por <strong>agresi\u00f3n sexual<\/strong>, han informado fuentes policiales.<\/p>\n<p>Tras ser interrogado por los agentes, el jugador ha abandonado las dependencias policiales, en las que no ha estado en ning\u00fan momento detenido.<\/p>\n<p style=\"text-align: center;\"><span style=\"color: #333399;\"><a style=\"color: #333399;\" href=\"https:\/\/www.futboltotal.com.mx\/2017\/06\/toluca-se-interpondria-a-cruz-azul-fichar-a-ismael-sosa\/\" target=\"_blank\" rel=\"noopener noreferrer\">VER M\u00c1S: Toluca se interpondr\u00eda a Cruz Azul para fichar a Ismael Sosa<\/a><\/span><\/p>\n<p>El jugador, cedido en el <strong>Alav\u00e9s<\/strong> por el <strong>Atl\u00e9tico de Madrid<\/strong> y que pas\u00f3 el reconocimiento m\u00e9dico para unirse al <strong>Real Madrid<\/strong> a partir de la pr\u00f3xima temporada, habr\u00eda sido denunciado supuestamente por una amiga despu\u00e9s de mantener relaciones sexuales con ella en un coche el s\u00e1bado por la noche, seg\u00fan adelant\u00f3 el diario El Espa\u00f1ol.<\/p>\n<p>Seg\u00fan esta versi\u00f3n, en un momento la joven pidi\u00f3 a <strong>Theo<\/strong> que la dejara, pero este se neg\u00f3, lo que provoc\u00f3 un forcejeo entre ambos antes de que <strong>Hern\u00e1ndez<\/strong>\u00a0presuntamente echase del coche a la chica, que decidi\u00f3 interponer una denuncia en la comisar\u00eda de Marbella.<\/p>\n<p style=\"text-align: center;\"><a href=\"https:\/\/www.futboltotal.com.mx\/2017\/06\/piojo-herrera-anuncio-no-hay-transferibles-en-america\/\" target=\"_blank\" rel=\"noopener noreferrer\"><span style=\"color: #333399;\">VER M\u00c1S: Piojo Herrera anunci\u00f3 que no hay transferibles en el Am\u00e9rica<\/span><\/a><\/p>\n","protected":false},"excerpt":{"rendered":"<p>El futbolista Theo Hern\u00e1ndez ha prestado declaraci\u00f3n en la comisar\u00eda de Marbella.<\/p>\n","protected":false},"author":144,"featured_media":471969,"comment_status":"closed","ping_status":"closed","sticky":false,"template":"","format":"standard","meta":[],"categories":[5419,3839,3844],"tags":[7652,6007,2810,5988,8694,8303],"_links":{"self":[{"href":"http:\/\/desarrollo.grupomedios.com\/futbol\/wp-json\/wp\/v2\/posts\/482138"}],"collection":[{"href":"http:\/\/desarrollo.grupomedios.com\/futbol\/wp-json\/wp\/v2\/posts"}],"about":[{"href":"http:\/\/desarrollo.grupomedios.com\/futbol\/wp-json\/wp\/v2\/types\/post"}],"author":[{"embeddable":true,"href":"http:\/\/desarrollo.grupomedios.com\/futbol\/wp-json\/wp\/v2\/users\/144"}],"replies":[{"embeddable":true,"href":"http:\/\/desarrollo.grupomedios.com\/futbol\/wp-json\/wp\/v2\/comments?post=482138"}],"version-history":[{"count":1,"href":"http:\/\/desarrollo.grupomedios.com\/futbol\/wp-json\/wp\/v2\/posts\/482138\/revisions"}],"predecessor-version":[{"id":482139,"href":"http:\/\/desarrollo.grupomedios.com\/futbol\/wp-json\/wp\/v2\/posts\/482138\/revisions\/482139"}],"wp:featuredmedia":[{"embeddable":true,"href":"http:\/\/desarrollo.grupomedios.com\/futbol\/wp-json\/wp\/v2\/media\/471969"}],"wp:attachment":[{"href":"http:\/\/desarrollo.grupomedios.com\/futbol\/wp-json\/wp\/v2\/media?parent=482138"}],"wp:term":[{"taxonomy":"category","embeddable":true,"href":"http:\/\/desarrollo.grupomedios.com\/futbol\/wp-json\/wp\/v2\/categories?post=482138"},{"taxonomy":"post_tag","embeddable":true,"href":"http:\/\/desarrollo.grupomedios.com\/futbol\/wp-json\/wp\/v2\/tags?post=482138"}],"curies":[{"name":"wp","href":"https:\/\/api.w.org\/{rel}","templated":true}]}}