{"id":482143,"date":"2017-06-05T13:58:28","date_gmt":"2017-06-05T18:58:28","guid":{"rendered":"https:\/\/www.futboltotal.com.mx\/?p=482143"},"modified":"2017-06-05T13:58:28","modified_gmt":"2017-06-05T18:58:28","slug":"santos-ira-al-draft-la-perla-tigres-espericueta","status":"publish","type":"post","link":"http:\/\/desarrollo.grupomedios.com\/futbol\/futbol-mexicano\/santos-ira-al-draft-la-perla-tigres-espericueta\/2017\/06","title":{"rendered":"Santos ir\u00e1 al Draft por la perla de Tigres, Jonathan Espericueta"},"content":{"rendered":"<p>Una de las promesas de la cantera de <strong>Tigres<\/strong>, <strong>Jonathan Espericueta,<\/strong> necesita buscar minutos fuera del cuadro de la <strong>UANL<\/strong> ante la gran cantidad de figuras y extranjeros con que cuenta el club y un equipo de la Liga MX tiene el inter\u00e9s por el veloz extremo.<\/p>\n<p>Seg\u00fan reportes del portal Medio Tiempo, <strong>Santos<\/strong> <strong>Laguna<\/strong> quiere a <strong>Espericueta<\/strong> como parte de su equipo para el torneo <strong>Apertura 2017<\/strong>, en el que el t\u00e9cnico <strong>Jos\u00e9 Manuel <em>Chepo<\/em> de la Torre<\/strong> comandar\u00eda a un plantel con varios j\u00f3venes que vayan ganando experiencia en Primera Divisi\u00f3n.<\/p>\n<p style=\"text-align: center;\"><a href=\"https:\/\/www.futboltotal.com.mx\/2017\/06\/piojo-herrera-anuncio-no-hay-transferibles-en-america\/\" target=\"_blank\" rel=\"noopener noreferrer\">VER M\u00c1S: Piojo Herrera anunci\u00f3 que no hay transferibles en el Am\u00e9rica<\/a><\/p>\n<p>El equipo de Torre\u00f3n buscar\u00eda convencer a <strong>Tigres<\/strong> de una cesi\u00f3n del jugador que en 2014 jug\u00f3 cedido en el <strong>Villarreal B<\/strong> de <strong>Espa\u00f1a<\/strong>, aunque hasta ahora los <em>Laguneros<\/em> no han presentado oferta alguna y todo se definir\u00eda el mi\u00e9rcoles, en medio del <strong>Draft de Transferencias<\/strong>.<\/p>\n<p style=\"text-align: center;\"><a href=\"https:\/\/www.futboltotal.com.mx\/2017\/06\/benfica-ficha-a-seferovic-y-le-pone-competencia-a-raul-jimenez\/\"><span style=\"color: #333399;\">VER M\u00c1S: Benfica ficha a Seferovic y le pone competencia a Ra\u00fal Jim\u00e9nez<\/span><\/a><\/p>\n","protected":false},"excerpt":{"rendered":"<p>Los Laguneros piensan en Espericueta para encarar el torneo Apertura 2017.<\/p>\n","protected":false},"author":20,"featured_media":482148,"comment_status":"closed","ping_status":"closed","sticky":false,"template":"","format":"standard","meta":[],"categories":[7740,2198,3845],"tags":[8357,8551,4847,3877,64,5972,174,5973],"_links":{"self":[{"href":"http:\/\/desarrollo.grupomedios.com\/futbol\/wp-json\/wp\/v2\/posts\/482143"}],"collection":[{"href":"http:\/\/desarrollo.grupomedios.com\/futbol\/wp-json\/wp\/v2\/posts"}],"about":[{"href":"http:\/\/desarrollo.grupomedios.com\/futbol\/wp-json\/wp\/v2\/types\/post"}],"author":[{"embeddable":true,"href":"http:\/\/desarrollo.grupomedios.com\/futbol\/wp-json\/wp\/v2\/users\/20"}],"replies":[{"embeddable":true,"href":"http:\/\/desarrollo.grupomedios.com\/futbol\/wp-json\/wp\/v2\/comments?post=482143"}],"version-history":[{"count":1,"href":"http:\/\/desarrollo.grupomedios.com\/futbol\/wp-json\/wp\/v2\/posts\/482143\/revisions"}],"predecessor-version":[{"id":482149,"href":"http:\/\/desarrollo.grupomedios.com\/futbol\/wp-json\/wp\/v2\/posts\/482143\/revisions\/482149"}],"wp:featuredmedia":[{"embeddable":true,"href":"http:\/\/desarrollo.grupomedios.com\/futbol\/wp-json\/wp\/v2\/media\/482148"}],"wp:attachment":[{"href":"http:\/\/desarrollo.grupomedios.com\/futbol\/wp-json\/wp\/v2\/media?parent=482143"}],"wp:term":[{"taxonomy":"category","embeddable":true,"href":"http:\/\/desarrollo.grupomedios.com\/futbol\/wp-json\/wp\/v2\/categories?post=482143"},{"taxonomy":"post_tag","embeddable":true,"href":"http:\/\/desarrollo.grupomedios.com\/futbol\/wp-json\/wp\/v2\/tags?post=482143"}],"curies":[{"name":"wp","href":"https:\/\/api.w.org\/{rel}","templated":true}]}}