{"id":482152,"date":"2017-06-05T14:20:54","date_gmt":"2017-06-05T19:20:54","guid":{"rendered":"https:\/\/www.futboltotal.com.mx\/?p=482152"},"modified":"2017-06-05T14:20:54","modified_gmt":"2017-06-05T19:20:54","slug":"daniel-keko-villalva-cambiaria-al-veracruz-monterrey","status":"publish","type":"post","link":"http:\/\/desarrollo.grupomedios.com\/futbol\/futbol-mexicano\/daniel-keko-villalva-cambiaria-al-veracruz-monterrey\/2017\/06","title":{"rendered":"Daniel &#8216;Keko&#8217; Villalva cambiar\u00eda al Veracruz por Monterrey"},"content":{"rendered":"<p>El argentino <strong>Daniel Villalva<\/strong>, jugador del <strong>Veracruz<\/strong>, ser\u00e1 negociado en el <strong>Draft de Transferencias 2017<\/strong>, tal y como lo confirm\u00f3 el presidente del equipo escualo, Fidel Kuri Grajales, y el club que suena para ser la nueva cas de <em><strong>Keko<\/strong><\/em> es el <strong>Monterrey<\/strong>.<\/p>\n<p>De acuerdo a reportes del diario R\u00e9cord, el futuro de <strong>Villalva<\/strong> de acuerdo a las intenciones de los <em><strong>Tiburones<\/strong><\/em> es que ya no siga en el equipo y el jugador ya alista las maletas, seg\u00fan vecinos del sudamericano en desarrollo de Boca del R\u00edo donde actualmente vive.<\/p>\n<p style=\"text-align: center;\"><a href=\"https:\/\/www.futboltotal.com.mx\/2017\/06\/jefferson-montero-rechazaria-al-america-seguir-en-europa\/\" target=\"_blank\" rel=\"noopener noreferrer\"><span style=\"color: #333399;\">VER M\u00c1S: Jefferson Montero rechazar\u00eda al Am\u00e9rica para seguir en Europa<\/span><\/a><\/p>\n<p>El <strong><em>Keko<\/em> Villalba<\/strong> lleg\u00f3 al <strong>Veracruz<\/strong> a mitad del 2014, procedente de <strong>River Plate<\/strong>, club en el que se form\u00f3 como futbolista y con el que debut\u00f3 con tan s\u00f3lo 16 a\u00f1os y 7 meses cumplidos.<\/p>\n<p>Desde ese entonces, <strong>Villalva<\/strong> \u00a0s\u00f3lo ha defendido a los <em>Tiburones<\/em> en M\u00e9xico y este ser\u00eda su segundo club en la Liga MX, donde ser\u00eda dirigido por su compatriota <strong>Antonio Mohamed<\/strong>.<\/p>\n<p style=\"text-align: center;\"><a href=\"https:\/\/www.futboltotal.com.mx\/2017\/06\/benfica-ficha-a-seferovic-y-le-pone-competencia-a-raul-jimenez\/\" target=\"_blank\" rel=\"noopener noreferrer\"><span style=\"color: #333399;\">VER M\u00c1S: Benfica fich\u00f3 a Seferovic y ls pone competencia a Ra\u00fal Jim\u00e9nez<\/span><\/a><\/p>\n","protected":false},"excerpt":{"rendered":"<p>El futuro de Villalva de acuerdo a las intenciones de los Tiburones apunta al norte del pa\u00eds.<\/p>\n","protected":false},"author":20,"featured_media":482153,"comment_status":"closed","ping_status":"closed","sticky":false,"template":"","format":"standard","meta":[],"categories":[7740,2198,3845],"tags":[8696,8551,5966,6049],"_links":{"self":[{"href":"http:\/\/desarrollo.grupomedios.com\/futbol\/wp-json\/wp\/v2\/posts\/482152"}],"collection":[{"href":"http:\/\/desarrollo.grupomedios.com\/futbol\/wp-json\/wp\/v2\/posts"}],"about":[{"href":"http:\/\/desarrollo.grupomedios.com\/futbol\/wp-json\/wp\/v2\/types\/post"}],"author":[{"embeddable":true,"href":"http:\/\/desarrollo.grupomedios.com\/futbol\/wp-json\/wp\/v2\/users\/20"}],"replies":[{"embeddable":true,"href":"http:\/\/desarrollo.grupomedios.com\/futbol\/wp-json\/wp\/v2\/comments?post=482152"}],"version-history":[{"count":1,"href":"http:\/\/desarrollo.grupomedios.com\/futbol\/wp-json\/wp\/v2\/posts\/482152\/revisions"}],"predecessor-version":[{"id":482156,"href":"http:\/\/desarrollo.grupomedios.com\/futbol\/wp-json\/wp\/v2\/posts\/482152\/revisions\/482156"}],"wp:featuredmedia":[{"embeddable":true,"href":"http:\/\/desarrollo.grupomedios.com\/futbol\/wp-json\/wp\/v2\/media\/482153"}],"wp:attachment":[{"href":"http:\/\/desarrollo.grupomedios.com\/futbol\/wp-json\/wp\/v2\/media?parent=482152"}],"wp:term":[{"taxonomy":"category","embeddable":true,"href":"http:\/\/desarrollo.grupomedios.com\/futbol\/wp-json\/wp\/v2\/categories?post=482152"},{"taxonomy":"post_tag","embeddable":true,"href":"http:\/\/desarrollo.grupomedios.com\/futbol\/wp-json\/wp\/v2\/tags?post=482152"}],"curies":[{"name":"wp","href":"https:\/\/api.w.org\/{rel}","templated":true}]}}