{"id":482162,"date":"2017-06-05T15:12:06","date_gmt":"2017-06-05T20:12:06","guid":{"rendered":"https:\/\/www.futboltotal.com.mx\/?p=482162"},"modified":"2017-06-05T15:12:06","modified_gmt":"2017-06-05T20:12:06","slug":"retan-al-piojo-sal-campeon-para-ver-la-cara-de-joserra-y-marin","status":"publish","type":"post","link":"http:\/\/desarrollo.grupomedios.com\/futbol\/futbol-mexicano\/retan-al-piojo-sal-campeon-para-ver-la-cara-de-joserra-y-marin\/2017\/06","title":{"rendered":"Retan al Piojo: &#8220;Sal campe\u00f3n para ver la cara de Joserra y Mar\u00edn&#8221;"},"content":{"rendered":"<p><strong>Miguel Herrera<\/strong>, nuevo t\u00e9cnico del <strong>Am\u00e9rica<\/strong>, siempre se ha caracterizado por su gusto de aparecer en los medios de comunicaci\u00f3n y prestarse a ciertas pol\u00e9micas de la far\u00e1ndula, lo cual no ha cambiado.<\/p>\n<p>Durante la \u00faltima emisi\u00f3n del programa dominical La Jugada, donde el <em><strong>Piojo<\/strong><\/em> fue el invitado, tambi\u00e9n apareci\u00f3 el actor <strong>Jes\u00fas Ochoa<\/strong>, tambi\u00e9n reconocido por su fanatismo americanista.<\/p>\n<p>Ochoa no dud\u00f3 en pedirle al <strong><em>Piojo<\/em> Herrera<\/strong> que el <strong>Am\u00e9rica<\/strong> sea campe\u00f3n de inmediato, pero tambi\u00e9n\u00a0hizo una declaraci\u00f3n que bien podr\u00eda parecer bastante inc\u00f3moda por haberse dado en vivo durante un programa de <strong>Televisa<\/strong>.<\/p>\n<p style=\"text-align: center;\"><a href=\"https:\/\/www.futboltotal.com.mx\/2017\/06\/jefferson-montero-rechazaria-al-america-seguir-en-europa\/\" target=\"_blank\" rel=\"noopener noreferrer\">VER M\u00c1S: Jefferson Montero rechazar\u00eda al Am\u00e9rica para seguir en Europa<\/a><\/p>\n<p>&#8220;Le exijo, como aficionado absoluto, el campeonato, porque quiero ver la cara de <strong>Jos\u00e9 Ram\u00f3n Fern\u00e1ndez<\/strong>, <strong>Andr\u00e9 Mar\u00edn<\/strong> y de (<strong>Christian<\/strong>) <strong>Martinoli<\/strong>&#8220;, dijo el actor al <em><strong>Piojo<\/strong><\/em>.<\/p>\n<p>Herrera no pudo evitar re\u00edrse del comentario, al igual que los comentaristas de Televisa, quienes intentaron ocultar el nerviosismo e incomodidad por la menci\u00f3n a su competencia.<\/p>\n<p style=\"text-align: center;\"><a href=\"https:\/\/www.futboltotal.com.mx\/2017\/06\/america-iria-refuerzo-paraguayo\/\" target=\"_blank\" rel=\"noopener noreferrer\">VER M\u00c1S: Am\u00e9rica ir\u00eda por otro refuerzo paraguayo<\/a><\/p>\n<div style=\"width: 100%; height: 0px; position: relative; padding-bottom: 59.048%;\"><iframe loading=\"lazy\" style=\"width: 100%; height: 100%; position: absolute;\" src=\"https:\/\/streamable.com\/s\/xrqvp\/rltrda\" width=\"100%\" height=\"100%\" frameborder=\"0\" allowfullscreen=\"allowfullscreen\"><\/iframe><\/div>\n","protected":false},"excerpt":{"rendered":"<p>El Piojo Herrera apareci\u00f3 en show de Televisa junto al actor Jes\u00fas Ochoa.<\/p>\n","protected":false},"author":20,"featured_media":482164,"comment_status":"closed","ping_status":"closed","sticky":false,"template":"","format":"standard","meta":[],"categories":[5419,2198,3845],"tags":[1585,5959,7492,5849,8697,6974,7885,255,6157],"_links":{"self":[{"href":"http:\/\/desarrollo.grupomedios.com\/futbol\/wp-json\/wp\/v2\/posts\/482162"}],"collection":[{"href":"http:\/\/desarrollo.grupomedios.com\/futbol\/wp-json\/wp\/v2\/posts"}],"about":[{"href":"http:\/\/desarrollo.grupomedios.com\/futbol\/wp-json\/wp\/v2\/types\/post"}],"author":[{"embeddable":true,"href":"http:\/\/desarrollo.grupomedios.com\/futbol\/wp-json\/wp\/v2\/users\/20"}],"replies":[{"embeddable":true,"href":"http:\/\/desarrollo.grupomedios.com\/futbol\/wp-json\/wp\/v2\/comments?post=482162"}],"version-history":[{"count":2,"href":"http:\/\/desarrollo.grupomedios.com\/futbol\/wp-json\/wp\/v2\/posts\/482162\/revisions"}],"predecessor-version":[{"id":482165,"href":"http:\/\/desarrollo.grupomedios.com\/futbol\/wp-json\/wp\/v2\/posts\/482162\/revisions\/482165"}],"wp:featuredmedia":[{"embeddable":true,"href":"http:\/\/desarrollo.grupomedios.com\/futbol\/wp-json\/wp\/v2\/media\/482164"}],"wp:attachment":[{"href":"http:\/\/desarrollo.grupomedios.com\/futbol\/wp-json\/wp\/v2\/media?parent=482162"}],"wp:term":[{"taxonomy":"category","embeddable":true,"href":"http:\/\/desarrollo.grupomedios.com\/futbol\/wp-json\/wp\/v2\/categories?post=482162"},{"taxonomy":"post_tag","embeddable":true,"href":"http:\/\/desarrollo.grupomedios.com\/futbol\/wp-json\/wp\/v2\/tags?post=482162"}],"curies":[{"name":"wp","href":"https:\/\/api.w.org\/{rel}","templated":true}]}}