{"id":482188,"date":"2017-06-05T18:18:04","date_gmt":"2017-06-05T23:18:04","guid":{"rendered":"https:\/\/www.futboltotal.com.mx\/?p=482188"},"modified":"2017-06-05T18:18:04","modified_gmt":"2017-06-05T23:18:04","slug":"filtran-posible-uniforme-visitante-chivas","status":"publish","type":"post","link":"http:\/\/desarrollo.grupomedios.com\/futbol\/futbol-mexicano\/filtran-posible-uniforme-visitante-chivas\/2017\/06","title":{"rendered":"Filtran el posible uniforme de visitante de Chivas"},"content":{"rendered":"<p>Han comenzado a circular im\u00e1genes del posible uniforme de visita de las <strong>Chivas<\/strong>, el cual retomar\u00eda un color que hace no mucho tiempo caus\u00f3 furor entre la afici\u00f3n del <em><strong>Reba\u00f1o<\/strong><\/em>.<\/p>\n<p>De acuerdo a\u00a0fotos en redes sociales, el <em><strong>Chiver\u00edo<\/strong><\/em> apostar\u00eda una vez m\u00e1s por el tono negro para el uniforme alternativo del torneo <strong>Apertura 2017<\/strong>, en el que se estrenar\u00e1 con sus 12 t\u00edtulos de Liga en el futbol mexicano.<\/p>\n<p style=\"text-align: center;\"><a href=\"https:\/\/www.futboltotal.com.mx\/2017\/06\/jorge-vergara-llamo-a-carlos-vela-fiche-chivas\/\" target=\"_blank\" rel=\"noopener noreferrer\"><span style=\"color: #333399;\">VER M\u00c1S: Vergara llam\u00f3 a Carlos Vela para que vuelva a las Chivas<\/span><\/a><\/p>\n<p><a href=\"https:\/\/www.futboltotal.com.mx\/wp-content\/uploads\/2017\/06\/Uniforme-Chivas-Visita.jpg\"><img decoding=\"async\" loading=\"lazy\" class=\"aligncenter size-large wp-image-482189\" src=\"https:\/\/www.futboltotal.com.mx\/wp-content\/uploads\/2017\/06\/Uniforme-Chivas-Visita-1024x576.jpg\" alt=\"Filtran el posible uniforme de visitante de Chivas 0\" srcset=\"http:\/\/desarrollo.grupomedios.com\/futbol\/wp-content\/uploads\/2017\/06\/Uniforme-Chivas-Visita-1024x576.jpg 1024w, http:\/\/desarrollo.grupomedios.com\/futbol\/wp-content\/uploads\/2017\/06\/Uniforme-Chivas-Visita-300x169.jpg 300w, http:\/\/desarrollo.grupomedios.com\/futbol\/wp-content\/uploads\/2017\/06\/Uniforme-Chivas-Visita-768x432.jpg 768w, http:\/\/desarrollo.grupomedios.com\/futbol\/wp-content\/uploads\/2017\/06\/Uniforme-Chivas-Visita-317x178.jpg 317w, http:\/\/desarrollo.grupomedios.com\/futbol\/wp-content\/uploads\/2017\/06\/Uniforme-Chivas-Visita-535x301.jpg 535w, http:\/\/desarrollo.grupomedios.com\/futbol\/wp-content\/uploads\/2017\/06\/Uniforme-Chivas-Visita-374x210.jpg 374w, http:\/\/desarrollo.grupomedios.com\/futbol\/wp-content\/uploads\/2017\/06\/Uniforme-Chivas-Visita.jpg 1136w\" sizes=\"(max-width: 1024px) 100vw, 1024px\" \/><\/a>La marca deportiva <strong>Puma<\/strong> presentar\u00eda un jersey totalmente oscuro, el cual aparentemente tendr\u00eda un \u00e9xito garantizado con los seguidores rojiblancos.<\/p>\n<p><a href=\"https:\/\/www.futboltotal.com.mx\/wp-content\/uploads\/2017\/06\/Uniforme-Visita-Chivas2.jpg\"><img decoding=\"async\" loading=\"lazy\" class=\"aligncenter size-large wp-image-482190\" src=\"https:\/\/www.futboltotal.com.mx\/wp-content\/uploads\/2017\/06\/Uniforme-Visita-Chivas2-1024x576.jpg\" alt=\"Filtran el posible uniforme de visitante de Chivas 1\" srcset=\"http:\/\/desarrollo.grupomedios.com\/futbol\/wp-content\/uploads\/2017\/06\/Uniforme-Visita-Chivas2-1024x576.jpg 1024w, http:\/\/desarrollo.grupomedios.com\/futbol\/wp-content\/uploads\/2017\/06\/Uniforme-Visita-Chivas2-300x169.jpg 300w, http:\/\/desarrollo.grupomedios.com\/futbol\/wp-content\/uploads\/2017\/06\/Uniforme-Visita-Chivas2-768x432.jpg 768w, http:\/\/desarrollo.grupomedios.com\/futbol\/wp-content\/uploads\/2017\/06\/Uniforme-Visita-Chivas2-317x178.jpg 317w, http:\/\/desarrollo.grupomedios.com\/futbol\/wp-content\/uploads\/2017\/06\/Uniforme-Visita-Chivas2-535x301.jpg 535w, http:\/\/desarrollo.grupomedios.com\/futbol\/wp-content\/uploads\/2017\/06\/Uniforme-Visita-Chivas2-374x210.jpg 374w, http:\/\/desarrollo.grupomedios.com\/futbol\/wp-content\/uploads\/2017\/06\/Uniforme-Visita-Chivas2.jpg 1136w\" sizes=\"(max-width: 1024px) 100vw, 1024px\" \/><\/a><\/p>\n<p>&nbsp;<\/p>\n","protected":false},"excerpt":{"rendered":"<p>El Chiver\u00edo apostar\u00eda una vez m\u00e1s por un estilo que en su momento le encant\u00f3 a su afici\u00f3n.<\/p>\n","protected":false},"author":20,"featured_media":480763,"comment_status":"closed","ping_status":"closed","sticky":false,"template":"","format":"standard","meta":[],"categories":[5419,2198,3845],"tags":[8701,70,5963,1624,64,2175,387,2127,3363],"_links":{"self":[{"href":"http:\/\/desarrollo.grupomedios.com\/futbol\/wp-json\/wp\/v2\/posts\/482188"}],"collection":[{"href":"http:\/\/desarrollo.grupomedios.com\/futbol\/wp-json\/wp\/v2\/posts"}],"about":[{"href":"http:\/\/desarrollo.grupomedios.com\/futbol\/wp-json\/wp\/v2\/types\/post"}],"author":[{"embeddable":true,"href":"http:\/\/desarrollo.grupomedios.com\/futbol\/wp-json\/wp\/v2\/users\/20"}],"replies":[{"embeddable":true,"href":"http:\/\/desarrollo.grupomedios.com\/futbol\/wp-json\/wp\/v2\/comments?post=482188"}],"version-history":[{"count":1,"href":"http:\/\/desarrollo.grupomedios.com\/futbol\/wp-json\/wp\/v2\/posts\/482188\/revisions"}],"predecessor-version":[{"id":482191,"href":"http:\/\/desarrollo.grupomedios.com\/futbol\/wp-json\/wp\/v2\/posts\/482188\/revisions\/482191"}],"wp:featuredmedia":[{"embeddable":true,"href":"http:\/\/desarrollo.grupomedios.com\/futbol\/wp-json\/wp\/v2\/media\/480763"}],"wp:attachment":[{"href":"http:\/\/desarrollo.grupomedios.com\/futbol\/wp-json\/wp\/v2\/media?parent=482188"}],"wp:term":[{"taxonomy":"category","embeddable":true,"href":"http:\/\/desarrollo.grupomedios.com\/futbol\/wp-json\/wp\/v2\/categories?post=482188"},{"taxonomy":"post_tag","embeddable":true,"href":"http:\/\/desarrollo.grupomedios.com\/futbol\/wp-json\/wp\/v2\/tags?post=482188"}],"curies":[{"name":"wp","href":"https:\/\/api.w.org\/{rel}","templated":true}]}}