{"id":482193,"date":"2017-06-05T18:39:06","date_gmt":"2017-06-05T23:39:06","guid":{"rendered":"https:\/\/www.futboltotal.com.mx\/?p=482193"},"modified":"2017-06-06T13:00:32","modified_gmt":"2017-06-06T18:00:32","slug":"sin-cara-regalo-mascara-del-benfica-a-raul-jimenez","status":"publish","type":"post","link":"http:\/\/desarrollo.grupomedios.com\/futbol\/futbol-internacional\/sin-cara-regalo-mascara-del-benfica-a-raul-jimenez\/2017\/06","title":{"rendered":"Sin Cara regal\u00f3 m\u00e1scara del Benfica a Ra\u00fal Jim\u00e9nez"},"content":{"rendered":"<p>Luego que durante la Final de la Copa de Portugal, <strong>Ra\u00fal Jim\u00e9nez<\/strong> <span style=\"color: #3366ff;\"><a style=\"color: #3366ff;\" href=\"https:\/\/www.futboltotal.com.mx\/2017\/05\/raul-jimenez-marca-golazo-benfica-campeon-copa\/\" target=\"_blank\" rel=\"noopener noreferrer\">marcara un gol y festejara con la m\u00e1scara<\/a><\/span> de <strong>Sin Cara<\/strong>, el luchador ha enviado un regalo para el delantero mexicano.<\/p>\n<blockquote class=\"twitter-tweet\" data-width=\"500\">\n<p lang=\"es\" dir=\"ltr\">\u00a1Buen\u00edsimo! El mexicano Ra\u00fal Jim\u00e9nez marc\u00f3 un gol en el Benfica con dedicatoria especial&#8230; para <a href=\"https:\/\/twitter.com\/SinCaraWWE\">@SinCaraWWE<\/a>: <a href=\"https:\/\/t.co\/7T3qQ63OYD\">pic.twitter.com\/7T3qQ63OYD<\/a><\/p>\n<p>&mdash; MUNDO WWE (@FansWWEUniverse) <a href=\"https:\/\/twitter.com\/FansWWEUniverse\/status\/869024044657586176\">May 29, 2017<\/a><\/p><\/blockquote>\n<p><script async src=\"\/\/platform.twitter.com\/widgets.js\" charset=\"utf-8\"><\/script><\/p>\n<p>Es por ello que Sin Cara agradeci\u00f3 al atacante de las \u00c1guilas portuguesas por medio de un mensaje a trav\u00e9s de su cuenta de Twitter.<\/p>\n<p style=\"text-align: center;\"><span style=\"color: #3366ff;\"><a style=\"color: #3366ff;\" href=\"https:\/\/www.futboltotal.com.mx\/2017\/06\/jorge-vergara-llamo-a-carlos-vela-fiche-chivas\/\">VER M\u00c1S: Vergara llam\u00f3 a Carlos Vela para que fiche por Chivas<\/a><\/span><\/p>\n<p>El luchador mexicano se dijo orgulloso y agradecido por el detalle de Jim\u00e9nez, y adem\u00e1s de agradecer con un tuit, tambi\u00e9n aprovech\u00f3 para mostrar una m\u00e1scara con el escudo del Benfica que har\u00e1 llegar al atacante de la Selecci\u00f3n Mexicana.<\/p>\n<p>&nbsp;<\/p>\n<blockquote class=\"twitter-tweet\" data-lang=\"es\">\n<p dir=\"ltr\" lang=\"es\">Mascara en honor <a href=\"https:\/\/twitter.com\/SLBenfica\">@SLBenfica<\/a> &#x1f1f5;&#x1f1f9;! <a href=\"https:\/\/twitter.com\/Raul_Jimenez9\">@Raul_Jimenez9<\/a> esta mascara es para ti amigo espero y te guste. &#x1f64f;&#x1f3fb;&#x1f44c;&#x1f3fc;&#x1f4af; <a href=\"https:\/\/twitter.com\/WWE\">@WWE<\/a> <a href=\"https:\/\/twitter.com\/wweespanol\">@wweespanol<\/a> <a href=\"https:\/\/twitter.com\/WWE_es\">@WWE_es<\/a> <a href=\"https:\/\/twitter.com\/WWEUniverse\">@WWEUniverse<\/a> <a href=\"https:\/\/t.co\/NQZVbjyZv5\">pic.twitter.com\/NQZVbjyZv5<\/a><\/p>\n<p>\u2014 Sin Cara (@SinCaraWWE) <a href=\"https:\/\/twitter.com\/SinCaraWWE\/status\/871795993028808708\">5 de junio de 2017<\/a><\/p><\/blockquote>\n<p><script async src=\"\/\/platform.twitter.com\/widgets.js\" charset=\"utf-8\"><\/script><\/p>\n","protected":false},"excerpt":{"rendered":"<p>El mexicano recibi\u00f3 regalo por festejar con la m\u00e1scara del luchador.<\/p>\n","protected":false},"author":20,"featured_media":481073,"comment_status":"closed","ping_status":"closed","sticky":false,"template":"","format":"standard","meta":[],"categories":[5419,3839],"tags":[6060,742],"_links":{"self":[{"href":"http:\/\/desarrollo.grupomedios.com\/futbol\/wp-json\/wp\/v2\/posts\/482193"}],"collection":[{"href":"http:\/\/desarrollo.grupomedios.com\/futbol\/wp-json\/wp\/v2\/posts"}],"about":[{"href":"http:\/\/desarrollo.grupomedios.com\/futbol\/wp-json\/wp\/v2\/types\/post"}],"author":[{"embeddable":true,"href":"http:\/\/desarrollo.grupomedios.com\/futbol\/wp-json\/wp\/v2\/users\/20"}],"replies":[{"embeddable":true,"href":"http:\/\/desarrollo.grupomedios.com\/futbol\/wp-json\/wp\/v2\/comments?post=482193"}],"version-history":[{"count":3,"href":"http:\/\/desarrollo.grupomedios.com\/futbol\/wp-json\/wp\/v2\/posts\/482193\/revisions"}],"predecessor-version":[{"id":482241,"href":"http:\/\/desarrollo.grupomedios.com\/futbol\/wp-json\/wp\/v2\/posts\/482193\/revisions\/482241"}],"wp:featuredmedia":[{"embeddable":true,"href":"http:\/\/desarrollo.grupomedios.com\/futbol\/wp-json\/wp\/v2\/media\/481073"}],"wp:attachment":[{"href":"http:\/\/desarrollo.grupomedios.com\/futbol\/wp-json\/wp\/v2\/media?parent=482193"}],"wp:term":[{"taxonomy":"category","embeddable":true,"href":"http:\/\/desarrollo.grupomedios.com\/futbol\/wp-json\/wp\/v2\/categories?post=482193"},{"taxonomy":"post_tag","embeddable":true,"href":"http:\/\/desarrollo.grupomedios.com\/futbol\/wp-json\/wp\/v2\/tags?post=482193"}],"curies":[{"name":"wp","href":"https:\/\/api.w.org\/{rel}","templated":true}]}}