{"id":482195,"date":"2017-06-05T18:55:06","date_gmt":"2017-06-05T23:55:06","guid":{"rendered":"https:\/\/www.futboltotal.com.mx\/?p=482195"},"modified":"2017-06-05T18:55:06","modified_gmt":"2017-06-05T23:55:06","slug":"pepe-confirmo-salida-del-madrid-culpo-a-la-directiva","status":"publish","type":"post","link":"http:\/\/desarrollo.grupomedios.com\/futbol\/futbol-internacional\/pepe-confirmo-salida-del-madrid-culpo-a-la-directiva\/2017\/06","title":{"rendered":"Pepe confirm\u00f3 su salida del Madrid y culp\u00f3 a la directiva"},"content":{"rendered":"<p>Kepler Laveran <strong>Pepe<\/strong>, central del <strong>Real Madrid<\/strong>, ha afirmado esta noche en la cadena Cope que ha acabado su etapa en el actual campe\u00f3n de <strong>Champions League<\/strong>\u00a0tras diez temporadas.<\/p>\n<blockquote><p>&#8220;El cari\u00f1o de la gente no lo podr\u00e9 olvidar nunca, siempre intent\u00e9 hacer mi carrera en el Madrid. Eso me hace feliz&#8221;, dijo Pepe.<\/p>\n<p>&#8220;No tengo nada firmado con ning\u00fan club. Tengo ilusi\u00f3n de seguir ganando t\u00edtulos en otro club&#8221;, afirm\u00f3 Pepe, quien tiene una oferta del Par\u00eds Saint Germain, entre otros clubes.<\/p><\/blockquote>\n<p>En la entrevista apunt\u00f3 tambi\u00e9n que ya ha hecho la mudanza de su casa en Madrid.<\/p>\n<p style=\"text-align: center;\"><span style=\"color: #3366ff;\"><a style=\"color: #3366ff;\" href=\"https:\/\/www.futboltotal.com.mx\/2017\/06\/jorge-vergara-llamo-a-carlos-vela-fiche-chivas\/\">VER M\u00c1S: Vergara llam\u00f3 a Carlos Vela para que fiche por Chivas<\/a><\/span><\/p>\n<p>Respecto a los entrenadores que ha tenido en el Real Madrid el central indic\u00f3 que se queda &#8220;con la sinceridad de Rafa Ben\u00edtez. Me identifico mucho con \u00e9l y eso que no me sacaba al principio&#8221;.<\/p>\n<p>Sobre si le guarda rencor a &#8216;Zidane : &#8220;Yo no quiero culpar a nadie. Lo que ha hecho Zidane con el <strong>Real Madrid<\/strong> es espectacular, pero hay cosas que no entiendo. &#8220;Eso es -refiri\u00e9ndose a como desaparece del equipo-. Tal cual. No me he despedido de Zidane porque Zidane y el <strong>Real Madrid<\/strong> sab\u00edan que me iba antes que yo&#8221;.<\/p>\n<p style=\"text-align: center;\"><span style=\"color: #3366ff;\"><a style=\"color: #3366ff;\" href=\"https:\/\/www.futboltotal.com.mx\/2017\/06\/jefferson-montero-rechazaria-al-america-seguir-en-europa\/\">VER M\u00c1S: Jefferson Montero rechazar\u00eda al Am\u00e9rica para seguir en Europa<\/a><\/span><\/p>\n<p>&#8220;El <strong>Real Madrid<\/strong> no me ofreci\u00f3 renovar dos temporadas. S\u00f3lo me ofreci\u00f3 un a\u00f1o&#8221; , a\u00f1adi\u00f3.<\/p>\n<p>&#8220;Esta claro que no voy a seguir en el Real Madrid. Ha terminado una etapa y, a partir de ahora, empezar\u00e1 otra nueva. Las formas del Real Madrid no han sido las correctas&#8221;. EFE<\/p>\n<p style=\"text-align: center;\"><span style=\"color: #3366ff;\"><a style=\"color: #3366ff;\" href=\"https:\/\/www.futboltotal.com.mx\/2017\/06\/joffre-guerron-volveria-a-mexico-pumas-destino\/\">VER M\u00c1S: Joffre Guerr\u00f3n volver\u00eda a M\u00e9xico; Pumas ser\u00eda su destino<\/a><\/span><\/p>\n","protected":false},"excerpt":{"rendered":"<p>El portugu\u00e9s asegur\u00f3 que las formas de la directiva no fueron correctas.<\/p>\n","protected":false},"author":144,"featured_media":457100,"comment_status":"closed","ping_status":"closed","sticky":false,"template":"","format":"standard","meta":[],"categories":[3839,3844],"tags":[176,5988],"_links":{"self":[{"href":"http:\/\/desarrollo.grupomedios.com\/futbol\/wp-json\/wp\/v2\/posts\/482195"}],"collection":[{"href":"http:\/\/desarrollo.grupomedios.com\/futbol\/wp-json\/wp\/v2\/posts"}],"about":[{"href":"http:\/\/desarrollo.grupomedios.com\/futbol\/wp-json\/wp\/v2\/types\/post"}],"author":[{"embeddable":true,"href":"http:\/\/desarrollo.grupomedios.com\/futbol\/wp-json\/wp\/v2\/users\/144"}],"replies":[{"embeddable":true,"href":"http:\/\/desarrollo.grupomedios.com\/futbol\/wp-json\/wp\/v2\/comments?post=482195"}],"version-history":[{"count":1,"href":"http:\/\/desarrollo.grupomedios.com\/futbol\/wp-json\/wp\/v2\/posts\/482195\/revisions"}],"predecessor-version":[{"id":482196,"href":"http:\/\/desarrollo.grupomedios.com\/futbol\/wp-json\/wp\/v2\/posts\/482195\/revisions\/482196"}],"wp:featuredmedia":[{"embeddable":true,"href":"http:\/\/desarrollo.grupomedios.com\/futbol\/wp-json\/wp\/v2\/media\/457100"}],"wp:attachment":[{"href":"http:\/\/desarrollo.grupomedios.com\/futbol\/wp-json\/wp\/v2\/media?parent=482195"}],"wp:term":[{"taxonomy":"category","embeddable":true,"href":"http:\/\/desarrollo.grupomedios.com\/futbol\/wp-json\/wp\/v2\/categories?post=482195"},{"taxonomy":"post_tag","embeddable":true,"href":"http:\/\/desarrollo.grupomedios.com\/futbol\/wp-json\/wp\/v2\/tags?post=482195"}],"curies":[{"name":"wp","href":"https:\/\/api.w.org\/{rel}","templated":true}]}}