{"id":482213,"date":"2017-06-06T10:12:57","date_gmt":"2017-06-06T15:12:57","guid":{"rendered":"https:\/\/www.futboltotal.com.mx\/?p=482213"},"modified":"2017-06-06T10:12:57","modified_gmt":"2017-06-06T15:12:57","slug":"chivas-llega-a-draft-dos-jugadores-sus-objetivos","status":"publish","type":"post","link":"http:\/\/desarrollo.grupomedios.com\/futbol\/futbol-mexicano\/chivas-llega-a-draft-dos-jugadores-sus-objetivos\/2017\/06","title":{"rendered":"Chivas llega al Draft con dos jugadores como sus objetivos"},"content":{"rendered":"<p>Pese a que s\u00f3lo han pasado algunos d\u00edas desde que <strong>Chivas<\/strong> se coron\u00f3 campe\u00f3n de la Liga MX, la directiva rojiblanca ya tiene definidos los puestos que desea reforzar en el <strong>Draft de Transferencias<\/strong> previo al <strong>Apertura 2017<\/strong>, siendo dos jugadores los objetivos del equipo de <strong>Mat\u00edas Almeyda<\/strong>.<\/p>\n<p>En primer lugar, como prioridad absoluta, est\u00e1 el atacante <strong>Javier Aquino<\/strong>, futbolista de los <strong>Tigres<\/strong> y desde hace al menos un a\u00f1o en la mira del <em><strong>Reba\u00f1o<\/strong><\/em>, aunque el precio de su carta es el principal inconveniente.<\/p>\n<p style=\"text-align: center;\"><a href=\"https:\/\/www.futboltotal.com.mx\/2017\/06\/tigres-rechazo-oferta-america-ismael-sosa\/\" target=\"_blank\" rel=\"noopener noreferrer\"><span style=\"color: #333399;\">VER M\u00c1S: Tigres rechaz\u00f3 oferta del Am\u00e9rica por Ismael Sosa<\/span><\/a><\/p>\n<p>De acuerdo a reportes del diario R\u00e9cord, <strong>Aquino<\/strong> es un &#8216;capricho&#8217; que el argentino Almeyda desea desde hace algunos torneos y le ha pedido a su directiva que lo fichen a como d\u00e9 lugar, aunque la <strong>UANL<\/strong> no tenga pensado vender al habilidoso jugador.<\/p>\n<p>Sin embargo, el otro futbolista que est\u00e1 en el radar del <em>Chiver\u00edo<\/em> para este <strong>Draft<\/strong> es <strong>Erick Guti\u00e9rrez<\/strong> del <strong>Pachuca<\/strong>, quien habr\u00eda sido recomendado por su ex compa\u00f1ero <strong>Rodolfo Pizarro<\/strong>, pues de acuerdo a este \u00faltimo el jugador de los <em><strong>Tuzos<\/strong><\/em> encajar\u00eda perfectamente en el esquema del <em><strong>Reba\u00f1o<\/strong><\/em>.<\/p>\n<p style=\"text-align: center;\"><a href=\"https:\/\/www.futboltotal.com.mx\/2017\/06\/marc-crosas-podria-llegar-a-lobos-buap\/\" target=\"_blank\" rel=\"noopener noreferrer\"><span style=\"color: #333399;\">VER M\u00c1S: Marc Crosas podr\u00eda llegar a reforzar a Lobos BUAP<\/span><\/a><\/p>\n<p>A pesar de lo anterior, Chivas sabe que fichar a <strong>Aquino<\/strong> y <strong>Guti\u00e9rrez<\/strong> ser\u00e1 misi\u00f3n complicada, por lo que no descarta un &#8216;plan B&#8217;, en el que estar\u00edan los nombres de <strong>El\u00edas Hern\u00e1ndez<\/strong> y <strong>Luis Montes<\/strong>.<\/p>\n<p>Incluso, el nombre de <strong>Henry Mart\u00edn<\/strong> sigue en la \u00f3rbita rojiblanca, pues se espera que sus atacantes <strong>Alan Pulido<\/strong> y <strong>\u00c1ngel Sald\u00edvar<\/strong> sean llamados por la <strong>Selecci\u00f3n Mexicana<\/strong> para la <strong>Copa Oro<\/strong>, por lo que el jugador de <strong>Tijuana<\/strong> ser\u00eda el elemento que los reemplace en ese momento.<\/p>\n<p style=\"text-align: center;\"><a href=\"https:\/\/www.futboltotal.com.mx\/2017\/06\/javier-guemez-deja-al-america-llega-a-queretaro\/\" target=\"_blank\" rel=\"noopener noreferrer\"><span style=\"color: #333399;\">VER M\u00c1S: Javier G\u00fcemez deja al Am\u00e9rica y llega al Quer\u00e9taro<\/span><\/a><\/p>\n","protected":false},"excerpt":{"rendered":"<p>El Reba\u00f1o buscar\u00e1 en el Draft cumplir las peticiones de Mat\u00edas Almeyda.<\/p>\n","protected":false},"author":20,"featured_media":482214,"comment_status":"closed","ping_status":"closed","sticky":false,"template":"","format":"standard","meta":[],"categories":[7740,2198,3845],"tags":[70,8551,6158,5963,6025,64,5968,5973],"_links":{"self":[{"href":"http:\/\/desarrollo.grupomedios.com\/futbol\/wp-json\/wp\/v2\/posts\/482213"}],"collection":[{"href":"http:\/\/desarrollo.grupomedios.com\/futbol\/wp-json\/wp\/v2\/posts"}],"about":[{"href":"http:\/\/desarrollo.grupomedios.com\/futbol\/wp-json\/wp\/v2\/types\/post"}],"author":[{"embeddable":true,"href":"http:\/\/desarrollo.grupomedios.com\/futbol\/wp-json\/wp\/v2\/users\/20"}],"replies":[{"embeddable":true,"href":"http:\/\/desarrollo.grupomedios.com\/futbol\/wp-json\/wp\/v2\/comments?post=482213"}],"version-history":[{"count":1,"href":"http:\/\/desarrollo.grupomedios.com\/futbol\/wp-json\/wp\/v2\/posts\/482213\/revisions"}],"predecessor-version":[{"id":482216,"href":"http:\/\/desarrollo.grupomedios.com\/futbol\/wp-json\/wp\/v2\/posts\/482213\/revisions\/482216"}],"wp:featuredmedia":[{"embeddable":true,"href":"http:\/\/desarrollo.grupomedios.com\/futbol\/wp-json\/wp\/v2\/media\/482214"}],"wp:attachment":[{"href":"http:\/\/desarrollo.grupomedios.com\/futbol\/wp-json\/wp\/v2\/media?parent=482213"}],"wp:term":[{"taxonomy":"category","embeddable":true,"href":"http:\/\/desarrollo.grupomedios.com\/futbol\/wp-json\/wp\/v2\/categories?post=482213"},{"taxonomy":"post_tag","embeddable":true,"href":"http:\/\/desarrollo.grupomedios.com\/futbol\/wp-json\/wp\/v2\/tags?post=482213"}],"curies":[{"name":"wp","href":"https:\/\/api.w.org\/{rel}","templated":true}]}}