{"id":482219,"date":"2017-06-06T11:04:13","date_gmt":"2017-06-06T16:04:13","guid":{"rendered":"https:\/\/www.futboltotal.com.mx\/?p=482219"},"modified":"2017-06-06T11:04:13","modified_gmt":"2017-06-06T16:04:13","slug":"arda-turan-renuncia-seleccion-turquia-tras-agredir-periodista","status":"publish","type":"post","link":"http:\/\/desarrollo.grupomedios.com\/futbol\/futbol-internacional\/arda-turan-renuncia-seleccion-turquia-tras-agredir-periodista\/2017\/06","title":{"rendered":"Arda Turan renuncia a selecci\u00f3n turca tras agredir a periodista"},"content":{"rendered":"<p class=\"DETALLE_N_titulo \"><span id=\"ctl14_lblMostra\">El futbolista turco del <strong>Barcelona<\/strong>,\u00a0<strong>Arda Turan,<\/strong> ha anunciado que abandona la selecci\u00f3n de <strong>Turqu\u00eda<\/strong> poco despu\u00e9s de que fuera expulsado de la concentraci\u00f3n en Eslovenia por <strong>agredir a un periodista<\/strong>.<\/span><\/p>\n<p>&#8220;He hecho cosas equivocadas mientras vest\u00eda el uniforme de la selecci\u00f3n. Pongo fin a mi carrera en la selecci\u00f3n nacional&#8221;, dijo el hasta ahora capit\u00e1n del combinado turco durante una rueda de prensa, recogida por la cadena turca NTV.<\/p>\n<p>Horas antes, el entrenador de la selecci\u00f3n, Fatih Terim, hab\u00eda decidido expulsar al jugador de la concentraci\u00f3n en Eslovenia, donde el equipo prepara el partido del domingo contra Kosovo.<\/p>\n<p class=\"DETALLE_N_titulo \" style=\"text-align: center;\"><span id=\"ctl14_lblMostra\"><a href=\"https:\/\/www.futboltotal.com.mx\/2017\/06\/marc-crosas-podria-llegar-a-lobos-buap\/\" target=\"_blank\" rel=\"noopener noreferrer\"><span style=\"color: #333399;\">VER M\u00c1S: Marc Crosas podr\u00eda reforzar a Lobos BUAP<\/span><\/a><\/span><\/p>\n<p class=\"DETALLE_N_titulo \" style=\"text-align: left;\"><span id=\"ctl14_lblMostra\">&#8220;Me siento (libre) como un p\u00e1jaro. Cuando se hace algo en la vida hay que pagar el precio. Yo he hecho cosas equivocadas mientras vest\u00eda el uniforme de la selecci\u00f3n. Decidimos que no iba a participar en el partido contra Kosovo. Hablo como alguien enamorado de esta camiseta, como un jugador que nunca pens\u00f3 en el dinero&#8221;, dijo <strong>Arda Turan<\/strong> en su comparecencia.<\/span><\/p>\n<p>&#8220;Dije que para evitar molestias, si quer\u00e9is doy un paso atr\u00e1s. Creo que ha llegado el momento. Hago lo que hay que hacer y pongo fin a mi carrera en la selecci\u00f3n nacional&#8221;, concluy\u00f3 el jugador.<\/p>\n<p>El incidente por el que <strong>Arda<\/strong> deja el equipo se produjo en el avi\u00f3n de la selecci\u00f3n turca, tras disputar anoche un amistoso en Skopje contra Macedonia (0-0), y despu\u00e9s de que Turan reconociese entre el pasaje al periodista deportivo Bilal Mese.<\/p>\n<p class=\"DETALLE_N_titulo \" style=\"text-align: center;\"><span id=\"ctl14_lblMostra\"><a href=\"https:\/\/www.futboltotal.com.mx\/2017\/06\/tigres-rechazo-oferta-america-ismael-sosa\/\" target=\"_blank\" rel=\"noopener noreferrer\"><span style=\"color: #333399;\">VER M\u00c1S: Tigres rechaz\u00f3 oferta de Am\u00e9rica por Ismael Sosa<\/span><\/a><\/span><\/p>\n<p class=\"DETALLE_N_titulo \" style=\"text-align: left;\"><span id=\"ctl14_lblMostra\">El avi\u00f3n se dirig\u00eda a Trieste, en Italia, desde donde la selecci\u00f3n se iba a desplazar a Eslovenia para preparar el partido del pr\u00f3ximo domingo contra Kosovo.<\/span><\/p>\n<p>Seg\u00fan el diario H\u00fcrriyet, Turan acus\u00f3 a Mese de escribir mentiras sobre \u00e9l y otros jugadores, lo agarr\u00f3 por el cuello y le golpe\u00f3 mientras lo insultaba.<\/p>\n<p>&#8220;Me cago en los que han dejado entrar a una persona tan deshonrosa como t\u00fa en este avi\u00f3n. Puedo dejar el f\u00fatbol pero no te voy a dejar deshonrar mi honor, ni mi familia&#8221;, dijo el jugador del <strong>Bar\u00e7a<\/strong>.<\/p>\n<p class=\"DETALLE_N_titulo \" style=\"text-align: center;\"><span id=\"ctl14_lblMostra\"><a href=\"https:\/\/www.futboltotal.com.mx\/2017\/06\/chivas-llega-a-draft-dos-jugadores-sus-objetivos\/\" target=\"_blank\" rel=\"noopener noreferrer\"><span style=\"color: #333399;\">VER M\u00c1S: Chivas llega al Draft con dos jugadores como sus objetivos<\/span><\/a><\/span><\/p>\n<p class=\"DETALLE_N_titulo \" style=\"text-align: left;\"><span id=\"ctl14_lblMostra\">El futbolista critic\u00f3 unos reportajes del periodista en los que se apuntaba que el a\u00f1o pasado varios jugadores de la selecci\u00f3n nacional, entre ellos <strong>Turan<\/strong>, pidieron m\u00e1s dinero, pero tambi\u00e9n critic\u00f3 a gritos a la Federaci\u00f3n turca y a su presidente, Yildirim Demir\u00f6ren.<\/span><\/p>\n<p>El jugador asumi\u00f3 el incidente este martes mediante un mensaje en su cuenta de Instagram, en el que reconoci\u00f3 no saber si su comportamiento era &#8220;correcto&#8221;, pero lo describi\u00f3 como &#8220;sincero, honrado y noble&#8221;, por defender su &#8220;honor&#8221;.<\/p>\n<p>&nbsp;<\/p>\n<blockquote class=\"instagram-media\" style=\"background: #FFF; border: 0; border-radius: 3px; box-shadow: 0 0 1px 0 rgba(0,0,0,0.5),0 1px 10px 0 rgba(0,0,0,0.15); margin: 1px; max-width: 658px; padding: 0; width: calc(100% - 2px);\" data-instgrm-captioned=\"\" data-instgrm-version=\"7\">\n<div style=\"padding: 8px;\">\n<div style=\"background: #F8F8F8; line-height: 0; margin-top: 40px; padding: 50.0% 0; text-align: center; width: 100%;\"><\/div>\n<p style=\"margin: 8px 0 0 0; padding: 0 4px;\"><a style=\"color: #000; font-family: Arial,sans-serif; font-size: 14px; font-style: normal; font-weight: normal; line-height: 17px; text-decoration: none; word-wrap: break-word;\" href=\"https:\/\/www.instagram.com\/p\/BU-0ow2hVoE\/\" target=\"_blank\" rel=\"noopener noreferrer\">(Savunma ama\u00e7l\u0131 de\u011fil; bilgilendirme ama\u00e7l\u0131d\u0131r..)#tbt Yar\u0131n kalkt\u0131\u011f\u0131n\u0131zda muhtemelen haberleri g\u00f6receksiniz&#8230;Ele\u015ftiriler, k\u0131namalar, k\u00f6\u015fe yaz\u0131lar\u0131, hep beraber birbirlerine destek planlar\u0131 ve devam\u0131&#8230;DEM\u0130\u015eT\u0130M!!! Isl\u0131kland\u0131ktan sonraki r\u00f6portaj\u0131mda olanlar\u0131 unutmayaca\u011f\u0131m diye (Euro 2016)&#8230;D\u00fcn ilk defa milli tak\u0131m u\u00e7a\u011f\u0131nda g\u00f6rd\u00fcm o \u015fahsiyetlerden birini aylar sonra. Onlar kim mi? Biz \u00fclkemizin formas\u0131n\u0131 terletirken ve sonras\u0131nda; yalanla, iftirayla, insanlar\u0131n onuruna laf s\u00f6yleyerek, ailevi de\u011ferlerine dil uzat\u0131p sonra buna gazetecilik diyen ki\u015filer. Merak etmeyin 3-5 ki\u015filer&#8230;Tabi al\u0131\u015fm\u0131\u015flar bunlar\u0131 yap\u0131p pi\u015fkince gezmeye&#8230;Neden? \u00c7\u00fcnk\u00fc d\u00fczen b\u00f6yle gazeteciler ya gazetecilik aylar ge\u00e7ince unutuluyor ya&#8230;\u00c7ocuklar\u0131, gen\u00e7leri, kaoslar ve krizle besleyenler; hayalleri ba\u015fka yerlere ta\u015f\u0131yanlar&#8230;Yok \u00f6yle insan\u0131n, karekterine, ailesine de\u011ferlerine laf atmak&#8230;Unutmayan\u0131 da var bunun! Benim futbolculu\u011fumu ele\u015ftiren gazetecilere te\u015fekk\u00fcr etmi\u015fli\u011fim vard\u0131r hakl\u0131s\u0131n\u0131z diye&#8230;\u00c7\u00fcnk\u00fc bu meslek olabilir&#8230;Ama aileme, de\u011ferlerime sald\u0131rmak olmaz; g\u00fcc\u00fcm yetti\u011fince de buna izin vermiyece\u011fim&#8230;D\u00fcn yapt\u0131\u011f\u0131m do\u011fru muydu? Bilmem! Evine misafir olup, adam sat\u0131p, iftira at\u0131p arkadan i\u015f \u00e7eviren olaca\u011f\u0131ma, y\u00fcz\u00fcne, ba\u011f\u0131rarak, sald\u0131rarak cevap beklerim&#8230;Belki do\u011fru de\u011fil ama d\u00fcr\u00fcst\u00e7e, onurlu, \u015ferefli bir davran\u0131\u015f&#8230;Ha cevap ald\u0131m m\u0131? YOK! K\u0131v\u0131rmaca&#8230;(klasik) Aylarca sayfa doldurdu ama kar\u015f\u0131mda iki kelime yok. Ger\u00e7i yar\u0131n konu\u015furlar, arkamdan! Bu foto\u011frafta g\u00f6rd\u00fc\u011f\u00fcn\u00fcz \u00e7ocuk hayatta iyi veya k\u00f6t\u00fc ne yapt\u0131ysa bedelini \u00f6dedi; \u00f6der de..Allah&#8217;tan ba\u015fka kimseden bir \u015fey istemedi, beklemedi.. Hesab\u0131 da kimseye vermez&#8230;Arda Turan yola \u00e7\u0131karken \u0130Y\u0130 FUTBOLCU, STAR, vs. olmak i\u00e7in \u00c7IKMADI&#8230; \u015eerefli, onurlu bir adam olmak i\u00e7in, ailesine sevdiklerine sahip olmak i\u00e7in \u00c7IKTI&#8230;Her kim \u015ferefime, aileme, onuruma laf etmeye kalkarsa; Allah&#8217;\u0131n bana verdikleriyle, g\u00fcc\u00fcm yetti\u011fince kar\u015f\u0131l\u0131\u011f\u0131n\u0131 al\u0131r&#8230;\u0130yi geceler&#8230;<\/a><\/p>\n<p style=\"color: #c9c8cd; font-family: Arial,sans-serif; font-size: 14px; line-height: 17px; margin-bottom: 0; margin-top: 8px; overflow: hidden; padding: 8px 0 7px; text-align: center; text-overflow: ellipsis; white-space: nowrap;\">A post shared by Arda Turan (@ardaturan) on <time style=\"font-family: Arial,sans-serif; font-size: 14px; line-height: 17px;\" datetime=\"2017-06-06T02:36:59+00:00\">Jun 5, 2017 at 7:36pm PDT<\/time><\/p>\n<\/div>\n<\/blockquote>\n<p><script async defer src=\"\/\/platform.instagram.com\/en_US\/embeds.js\"><\/script><\/p>\n<p>La asociaci\u00f3n de periodistas deportivos de Turqu\u00eda ha protestado contra <strong>Turan<\/strong>, considerando &#8220;totalmente inaceptable&#8221; la agresi\u00f3n verbal y f\u00edsica, &#8220;sea por la causa que sea&#8221;.<\/p>\n<p><strong>Turan<\/strong> forma desde 2006 parte de la selecci\u00f3n turca, de la que, adem\u00e1s, era capit\u00e1n, y es uno de los jugadores m\u00e1s admirados del pa\u00eds.<\/p>\n<p class=\"DETALLE_N_titulo \" style=\"text-align: center;\"><a href=\"https:\/\/www.futboltotal.com.mx\/2017\/06\/arbitros-se-lanzan-en-huelga-pitaran-inarritu-dimita\/\" target=\"_blank\" rel=\"noopener noreferrer\"><span style=\"color: #333399;\">VER M\u00c1S: \u00c1rbitros se lanzan en &#8216;huelga&#8217; y no pitar\u00e1n hasta que I\u00f1\u00e1rritu renuncie<\/span><\/a><\/p>\n","protected":false},"excerpt":{"rendered":"<p>Turan hab\u00eda sido expulsado de la selecci\u00f3n turca por agredir a un periodista.<\/p>\n","protected":false},"author":144,"featured_media":482221,"comment_status":"closed","ping_status":"closed","sticky":false,"template":"","format":"standard","meta":[],"categories":[5419,3839],"tags":[5923,8702,5984,6127,8665,779],"_links":{"self":[{"href":"http:\/\/desarrollo.grupomedios.com\/futbol\/wp-json\/wp\/v2\/posts\/482219"}],"collection":[{"href":"http:\/\/desarrollo.grupomedios.com\/futbol\/wp-json\/wp\/v2\/posts"}],"about":[{"href":"http:\/\/desarrollo.grupomedios.com\/futbol\/wp-json\/wp\/v2\/types\/post"}],"author":[{"embeddable":true,"href":"http:\/\/desarrollo.grupomedios.com\/futbol\/wp-json\/wp\/v2\/users\/144"}],"replies":[{"embeddable":true,"href":"http:\/\/desarrollo.grupomedios.com\/futbol\/wp-json\/wp\/v2\/comments?post=482219"}],"version-history":[{"count":1,"href":"http:\/\/desarrollo.grupomedios.com\/futbol\/wp-json\/wp\/v2\/posts\/482219\/revisions"}],"predecessor-version":[{"id":482222,"href":"http:\/\/desarrollo.grupomedios.com\/futbol\/wp-json\/wp\/v2\/posts\/482219\/revisions\/482222"}],"wp:featuredmedia":[{"embeddable":true,"href":"http:\/\/desarrollo.grupomedios.com\/futbol\/wp-json\/wp\/v2\/media\/482221"}],"wp:attachment":[{"href":"http:\/\/desarrollo.grupomedios.com\/futbol\/wp-json\/wp\/v2\/media?parent=482219"}],"wp:term":[{"taxonomy":"category","embeddable":true,"href":"http:\/\/desarrollo.grupomedios.com\/futbol\/wp-json\/wp\/v2\/categories?post=482219"},{"taxonomy":"post_tag","embeddable":true,"href":"http:\/\/desarrollo.grupomedios.com\/futbol\/wp-json\/wp\/v2\/tags?post=482219"}],"curies":[{"name":"wp","href":"https:\/\/api.w.org\/{rel}","templated":true}]}}