{"id":482223,"date":"2017-06-06T11:21:09","date_gmt":"2017-06-06T16:21:09","guid":{"rendered":"https:\/\/www.futboltotal.com.mx\/?p=482223"},"modified":"2017-06-06T11:21:09","modified_gmt":"2017-06-06T16:21:09","slug":"cruz-azul-buscara-fichar-a-goleador-boca-juniors","status":"publish","type":"post","link":"http:\/\/desarrollo.grupomedios.com\/futbol\/futbol-mexicano\/cruz-azul-buscara-fichar-a-goleador-boca-juniors\/2017\/06","title":{"rendered":"Cruz Azul buscar\u00e1 fichar a goleador de Boca Juniors"},"content":{"rendered":"<p>El plan de <strong>Cruz Azul<\/strong> y el t\u00e9cnico espa\u00f1ol <strong>Paco J\u00e9mez<\/strong> para el Apertura 2017 es contar con una delantera temible, raz\u00f3n por la que en los \u00faltimos d\u00edas han sonado para <em><strong>La M\u00e1quina<\/strong><\/em> los nombres del argentino <a href=\"https:\/\/www.futboltotal.com.mx\/2017\/05\/cruz-azul-quiere-los-servicios-ismael-sosa\/\" target=\"_blank\" rel=\"noopener noreferrer\"><span style=\"color: #333399;\"><strong>Ismael Sosa<\/strong><\/span><\/a>, el chileno <a href=\"https:\/\/www.futboltotal.com.mx\/2017\/06\/cruz-azul-estaria-interesado-en-fichar-a-eduardo-vargas\/\" target=\"_blank\" rel=\"noopener noreferrer\"><span style=\"color: #333399;\"><strong>Eduardo Vargas<\/strong><\/span><\/a> e incluso el espa\u00f1ol <a href=\"https:\/\/www.futboltotal.com.mx\/2017\/06\/cruz-azul-paco-jemez-iran-fichaje-fernando-torres\/\" target=\"_blank\" rel=\"noopener noreferrer\"><span style=\"color: #333399;\"><strong>Fernando Torres<\/strong><\/span><\/a>.<\/p>\n<p>Pero otro nombre ha surgido para la baraja de opciones de los <em><strong>Cementeros<\/strong><\/em>. De acuerdo al portal Medio Tiempo, se trata del del argentino <strong>Andr\u00e9s Ch\u00e1vez<\/strong>, jugador\u00a0que pertenece a <strong>Boca Juniors<\/strong> aunque desde 2016 ha jugado a pr\u00e9stamo en el <strong>Sao Paulo<\/strong>.<\/p>\n<p style=\"text-align: center;\"><a href=\"https:\/\/www.futboltotal.com.mx\/2017\/06\/tigres-rechazo-oferta-america-ismael-sosa\/\" target=\"_blank\" rel=\"noopener noreferrer\"><span style=\"color: #333399;\">VER M\u00c1S: Tigres rechaz\u00f3 oferta del Am\u00e9rica por Ismael Sosa<\/span><\/a><\/p>\n<p>No es la primera vez que <strong>Ch\u00e1vez<\/strong> suena para <strong>Cruz Azul<\/strong>, pues en 2015 ya se le vinculaba con el equipo mexicano, aunque finalmente dej\u00f3 al cuadro <em>Xeneize<\/em> para\u00a0probar suerte en el <strong>Brasileirao<\/strong>, donde hasta ahora ha marcado 12 goles.<\/p>\n<p><strong>Ch\u00e1vez<\/strong> termina su pr\u00e9stamo con el <strong>Sao Paulo<\/strong> y <strong>Cruz Azul<\/strong> deber\u00e1 negociar con <strong>Boca<\/strong> para llegar a un acuerdo por los servicios del delantero.<\/p>\n<p style=\"text-align: center;\"><a href=\"https:\/\/www.futboltotal.com.mx\/2017\/06\/chivas-llega-a-draft-dos-jugadores-sus-objetivos\/\" target=\"_blank\" rel=\"noopener noreferrer\"><span style=\"color: #333399;\">VER M\u00c1S: Chivas llega al Draft con dos jugadores como sus objetivos<\/span><\/a><\/p>\n","protected":false},"excerpt":{"rendered":"<p>Cruz Azul desea armar una delantera de miedo para el Apertura 2017.<\/p>\n","protected":false},"author":20,"featured_media":482224,"comment_status":"closed","ping_status":"closed","sticky":false,"template":"","format":"standard","meta":[],"categories":[7740,3839,2198,7495,3845],"tags":[8703,1683,5962,64,2093],"_links":{"self":[{"href":"http:\/\/desarrollo.grupomedios.com\/futbol\/wp-json\/wp\/v2\/posts\/482223"}],"collection":[{"href":"http:\/\/desarrollo.grupomedios.com\/futbol\/wp-json\/wp\/v2\/posts"}],"about":[{"href":"http:\/\/desarrollo.grupomedios.com\/futbol\/wp-json\/wp\/v2\/types\/post"}],"author":[{"embeddable":true,"href":"http:\/\/desarrollo.grupomedios.com\/futbol\/wp-json\/wp\/v2\/users\/20"}],"replies":[{"embeddable":true,"href":"http:\/\/desarrollo.grupomedios.com\/futbol\/wp-json\/wp\/v2\/comments?post=482223"}],"version-history":[{"count":1,"href":"http:\/\/desarrollo.grupomedios.com\/futbol\/wp-json\/wp\/v2\/posts\/482223\/revisions"}],"predecessor-version":[{"id":482226,"href":"http:\/\/desarrollo.grupomedios.com\/futbol\/wp-json\/wp\/v2\/posts\/482223\/revisions\/482226"}],"wp:featuredmedia":[{"embeddable":true,"href":"http:\/\/desarrollo.grupomedios.com\/futbol\/wp-json\/wp\/v2\/media\/482224"}],"wp:attachment":[{"href":"http:\/\/desarrollo.grupomedios.com\/futbol\/wp-json\/wp\/v2\/media?parent=482223"}],"wp:term":[{"taxonomy":"category","embeddable":true,"href":"http:\/\/desarrollo.grupomedios.com\/futbol\/wp-json\/wp\/v2\/categories?post=482223"},{"taxonomy":"post_tag","embeddable":true,"href":"http:\/\/desarrollo.grupomedios.com\/futbol\/wp-json\/wp\/v2\/tags?post=482223"}],"curies":[{"name":"wp","href":"https:\/\/api.w.org\/{rel}","templated":true}]}}