{"id":482287,"date":"2017-06-06T18:56:00","date_gmt":"2017-06-06T23:56:00","guid":{"rendered":"https:\/\/www.futboltotal.com.mx\/?p=482287"},"modified":"2017-06-06T18:56:00","modified_gmt":"2017-06-06T23:56:00","slug":"revelan-precio-eduardo-herrera-gullit-pena","status":"publish","type":"post","link":"http:\/\/desarrollo.grupomedios.com\/futbol\/futbol-mexicano\/revelan-precio-eduardo-herrera-gullit-pena\/2017\/06","title":{"rendered":"\u00a1Revelan precio de Eduardo Herrera y Gullit Pe\u00f1a!"},"content":{"rendered":"<p>El presidente de Pumas, Rodrigo Ares de Parga, y el CEO de Chivas, Jos\u00e9 Luis Higuera, revelaron en Canc\u00fan, durante la reuni\u00f3n de clubes previo al Draft, los precios que tuvo que pagar Rangers para hacerse de <strong>Eduardo Herrera<\/strong> y <strong>Carlos Gullit Pe\u00f1a<\/strong>.<\/p>\n<p><strong>Eduardo Herrera<\/strong> cost\u00f3 1.5 millones de d\u00f3lares, mientras que <strong>Carlos Pe\u00f1a<\/strong> cost\u00f3 3.5, cifra con la que el <strong>Gullit<\/strong> estaba a la venta, desde que pertenec\u00eda a Le\u00f3n.<\/p>\n<p style=\"text-align: center;\"><span style=\"color: #3366ff;\"><a style=\"color: #3366ff;\" href=\"https:\/\/www.futboltotal.com.mx\/2017\/06\/confirman-llegada-mauro-formica-a-pumas\/\" target=\"_blank\" rel=\"noopener noreferrer\"><strong>VER M\u00c1S: Pumas confirma a Mauro Formica<\/strong><\/a><\/span><\/p>\n<p>Tanto el CEO de Chivas como el presidente de Pumas, se encontraban juntos cuando fueron abordados por la prensa; Gullit cost\u00f3 \u201clo mismo que en Le\u00f3n\u201d, exclam\u00f3 Higuera, \u201c3.5 millones de d\u00f3lares\u201d, confirm\u00f3, para luego insistir a Rodrigo Ares que dijera la cifra en que hab\u00edan vendido a <strong>Eduardo Herrera<\/strong>, \u201c1. 5 millones, pero nosotros nos quedamos con un porcentaje\u201d, expres\u00f3 el directivo auriazul.<\/p>\n<p>Con la confirmaci\u00f3n de la venta de <strong>Eduardo Herrera<\/strong>, Pumas logr\u00f3 enviar a Europa a su und\u00e9cimo canterano; entre los otros diez destacan Efra\u00edn Ju\u00e1rez, Pablo Barrera, Luis Garc\u00eda y Hugo S\u00e1nchez.<\/p>\n<p style=\"text-align: center;\"><span style=\"color: #3366ff;\"><a style=\"color: #3366ff;\" href=\"https:\/\/www.futboltotal.com.mx\/2017\/06\/revelan-posible-escudo-del-nuevo-zacatepec\/\" target=\"_blank\" rel=\"noopener noreferrer\"><strong>VER M\u00c1S: El nuevo Zacatepec ya tendr\u00eda su escudo<\/strong><\/a><\/span><\/p>\n<p>&nbsp;<\/p>\n","protected":false},"excerpt":{"rendered":"<p>Ares de Parga y Jos\u00e9 Luis Higuera confirman cifra que les pag\u00f3 Rangers.<\/p>\n","protected":false},"author":20,"featured_media":482288,"comment_status":"closed","ping_status":"closed","sticky":false,"template":"","format":"standard","meta":[],"categories":[2198,3845],"tags":[1781,1140],"_links":{"self":[{"href":"http:\/\/desarrollo.grupomedios.com\/futbol\/wp-json\/wp\/v2\/posts\/482287"}],"collection":[{"href":"http:\/\/desarrollo.grupomedios.com\/futbol\/wp-json\/wp\/v2\/posts"}],"about":[{"href":"http:\/\/desarrollo.grupomedios.com\/futbol\/wp-json\/wp\/v2\/types\/post"}],"author":[{"embeddable":true,"href":"http:\/\/desarrollo.grupomedios.com\/futbol\/wp-json\/wp\/v2\/users\/20"}],"replies":[{"embeddable":true,"href":"http:\/\/desarrollo.grupomedios.com\/futbol\/wp-json\/wp\/v2\/comments?post=482287"}],"version-history":[{"count":1,"href":"http:\/\/desarrollo.grupomedios.com\/futbol\/wp-json\/wp\/v2\/posts\/482287\/revisions"}],"predecessor-version":[{"id":482289,"href":"http:\/\/desarrollo.grupomedios.com\/futbol\/wp-json\/wp\/v2\/posts\/482287\/revisions\/482289"}],"wp:featuredmedia":[{"embeddable":true,"href":"http:\/\/desarrollo.grupomedios.com\/futbol\/wp-json\/wp\/v2\/media\/482288"}],"wp:attachment":[{"href":"http:\/\/desarrollo.grupomedios.com\/futbol\/wp-json\/wp\/v2\/media?parent=482287"}],"wp:term":[{"taxonomy":"category","embeddable":true,"href":"http:\/\/desarrollo.grupomedios.com\/futbol\/wp-json\/wp\/v2\/categories?post=482287"},{"taxonomy":"post_tag","embeddable":true,"href":"http:\/\/desarrollo.grupomedios.com\/futbol\/wp-json\/wp\/v2\/tags?post=482287"}],"curies":[{"name":"wp","href":"https:\/\/api.w.org\/{rel}","templated":true}]}}